{"id":9870,"date":"2024-11-28T08:53:06","date_gmt":"2024-11-28T12:53:06","guid":{"rendered":"https:\/\/funerariaconceptochile.cl\/?p=9870"},"modified":"2024-11-28T12:35:58","modified_gmt":"2024-11-28T16:35:58","slug":"alfonso-renato-villalobos-ramirez","status":"publish","type":"post","link":"https:\/\/funerariaconceptochile.cl\/es\/obituarios\/alfonso-renato-villalobos-ramirez\/","title":{"rendered":"Alfonso Renato Villalobos Ramirez"},"content":{"rendered":"<p><img loading=\"lazy\" decoding=\"async\" class=\"alignnone size-full wp-image-9871 aligncenter\" src=\"https:\/\/funerariaconceptochile.cl\/wp-content\/uploads\/2024\/11\/funerariaconcepto_alfonsovillalobos-copia.jpg\" alt=\"\" width=\"200\" height=\"300\" srcset=\"https:\/\/funerariaconceptochile.cl\/wp-content\/uploads\/2024\/11\/funerariaconcepto_alfonsovillalobos-copia.jpg 200w, https:\/\/funerariaconceptochile.cl\/wp-content\/uploads\/2024\/11\/funerariaconcepto_alfonsovillalobos-copia-150x225.jpg 150w\" sizes=\"auto, (max-width: 200px) 100vw, 200px\" \/><\/p>\n<p style=\"text-align: center\"><strong>13\/03\/1936 \u2013 28\/11\/2024<\/strong><\/p>\n<p style=\"text-align: center\">Confiamos que el recuerdo de un ser querido se mantendr\u00e1 siempre presente en sus corazones. En Funeraria concepto, tenemos el prop\u00f3sito de acompa\u00f1arlos en el homenaje para dignificar la vida en un momento que trasciende, para esto los invitamos a expresar sus condolencias.<\/p>\n<p style=\"text-align: center\"><strong>Tarjeta de servicio<\/strong><\/p>\n<p style=\"text-align: center\"><strong>Lugar o sala velatorio:<\/strong> Iglesia Cat\u00f3lica Santa Gemita, Santa F\u00e9, Biobio<\/p>\n<p style=\"text-align: center\"><strong>Direcci\u00f3n:<\/strong> Santa F\u00e9, Biobio, Cruce Q-284\/ Q-34<\/p>\n<p style=\"text-align: center\"><strong>Lugar Misa:<\/strong> Iglesia Cat\u00f3lica Santa Gemita, Santa F\u00e9, Biobio<\/p>\n<p style=\"text-align: center\"><strong>Fecha y hora de inicio:<\/strong> s\u00e1bado 30 noviembre 2024, 11:00 hrs<\/p>\n<p style=\"text-align: center\"><strong>Direcci\u00f3n:<\/strong> Santa F\u00e9, Biobio, Cruce Q-284\/ Q-34<\/p>\n<p style=\"text-align: center\"><strong>Lugar Funeral:<\/strong> Cementerio de Santa F\u00e9<\/p>\n<p style=\"text-align: center\"><strong>Fecha y hora funeral:<\/strong> s\u00e1bado 30 noviembre 2024, 12:30 hrs<\/p>\n<p style=\"text-align: center\"><strong>Direcci\u00f3n Funeral:\u00a0<\/strong>Santa F\u00e9, Biobio<\/p>","protected":false},"excerpt":{"rendered":"<p>13\/03\/1936 \u2013 28\/11\/2024 Confiamos que el recuerdo de un ser querido se mantendr\u00e1 siempre presente en sus corazones. En Funeraria<\/p>","protected":false},"author":5,"featured_media":9871,"comment_status":"open","ping_status":"open","sticky":false,"template":"","format":"standard","meta":{"footnotes":""},"categories":[1],"tags":[],"class_list":["post-9870","post","type-post","status-publish","format-standard","has-post-thumbnail","hentry","category-o"],"yoast_head":"<!-- This site is optimized with the Yoast SEO plugin v27.5 - https:\/\/yoast.com\/product\/yoast-seo-wordpress\/ -->\n<title>Alfonso Renato Villalobos Ramirez - Funeraria Concepto<\/title>\n<meta name=\"robots\" content=\"index, follow, max-snippet:-1, max-image-preview:large, max-video-preview:-1\" \/>\n<link rel=\"canonical\" href=\"https:\/\/funerariaconceptochile.cl\/es\/obituarios\/alfonso-renato-villalobos-ramirez\/\" \/>\n<meta property=\"og:locale\" content=\"es_ES\" \/>\n<meta property=\"og:type\" content=\"article\" \/>\n<meta property=\"og:title\" content=\"Alfonso Renato Villalobos Ramirez - Funeraria Concepto\" \/>\n<meta property=\"og:description\" content=\"13\/03\/1936 \u2013 28\/11\/2024 Confiamos que el recuerdo de un ser querido se mantendr\u00e1 siempre presente en sus corazones. En Funeraria\" \/>\n<meta property=\"og:url\" content=\"https:\/\/funerariaconceptochile.cl\/es\/obituarios\/alfonso-renato-villalobos-ramirez\/\" \/>\n<meta property=\"og:site_name\" content=\"Funeraria Concepto\" \/>\n<meta property=\"article:published_time\" content=\"2024-11-28T12:53:06+00:00\" \/>\n<meta property=\"article:modified_time\" content=\"2024-11-28T16:35:58+00:00\" \/>\n<meta property=\"og:image\" content=\"https:\/\/funerariaconceptochile.cl\/wp-content\/uploads\/2024\/11\/funerariaconcepto_alfonsovillalobos-copia.jpg\" \/>\n\t<meta property=\"og:image:width\" content=\"200\" \/>\n\t<meta property=\"og:image:height\" content=\"300\" \/>\n\t<meta property=\"og:image:type\" content=\"image\/jpeg\" \/>\n<meta name=\"author\" content=\"Obiturarios Concepto\" \/>\n<meta name=\"twitter:card\" content=\"summary_large_image\" \/>\n<meta name=\"twitter:label1\" content=\"Escrito por\" \/>\n\t<meta name=\"twitter:data1\" content=\"\" \/>\n\t<meta name=\"twitter:label2\" content=\"Tiempo de lectura\" \/>\n\t<meta name=\"twitter:data2\" content=\"1 minuto\" \/>\n<script type=\"application\/ld+json\" class=\"yoast-schema-graph\">{\"@context\":\"https:\\\/\\\/schema.org\",\"@graph\":[{\"@type\":\"Article\",\"@id\":\"https:\\\/\\\/funerariaconceptochile.cl\\\/obituarios\\\/alfonso-renato-villalobos-ramirez\\\/#article\",\"isPartOf\":{\"@id\":\"https:\\\/\\\/funerariaconceptochile.cl\\\/obituarios\\\/alfonso-renato-villalobos-ramirez\\\/\"},\"author\":{\"name\":\"Obiturarios Concepto\",\"@id\":\"https:\\\/\\\/funerariaconceptochile.cl\\\/#\\\/schema\\\/person\\\/778cdec708f417d049efb7a785538d7f\"},\"headline\":\"Alfonso Renato Villalobos Ramirez\",\"datePublished\":\"2024-11-28T12:53:06+00:00\",\"dateModified\":\"2024-11-28T16:35:58+00:00\",\"mainEntityOfPage\":{\"@id\":\"https:\\\/\\\/funerariaconceptochile.cl\\\/obituarios\\\/alfonso-renato-villalobos-ramirez\\\/\"},\"wordCount\":119,\"commentCount\":8,\"image\":{\"@id\":\"https:\\\/\\\/funerariaconceptochile.cl\\\/obituarios\\\/alfonso-renato-villalobos-ramirez\\\/#primaryimage\"},\"thumbnailUrl\":\"https:\\\/\\\/funerariaconceptochile.cl\\\/wp-content\\\/uploads\\\/2024\\\/11\\\/funerariaconcepto_alfonsovillalobos-copia.jpg\",\"articleSection\":[\"Obituario\"],\"inLanguage\":\"es\",\"potentialAction\":[{\"@type\":\"CommentAction\",\"name\":\"Comment\",\"target\":[\"https:\\\/\\\/funerariaconceptochile.cl\\\/obituarios\\\/alfonso-renato-villalobos-ramirez\\\/#respond\"]}]},{\"@type\":\"WebPage\",\"@id\":\"https:\\\/\\\/funerariaconceptochile.cl\\\/obituarios\\\/alfonso-renato-villalobos-ramirez\\\/\",\"url\":\"https:\\\/\\\/funerariaconceptochile.cl\\\/obituarios\\\/alfonso-renato-villalobos-ramirez\\\/\",\"name\":\"Alfonso Renato Villalobos Ramirez - Funeraria Concepto\",\"isPartOf\":{\"@id\":\"https:\\\/\\\/funerariaconceptochile.cl\\\/#website\"},\"primaryImageOfPage\":{\"@id\":\"https:\\\/\\\/funerariaconceptochile.cl\\\/obituarios\\\/alfonso-renato-villalobos-ramirez\\\/#primaryimage\"},\"image\":{\"@id\":\"https:\\\/\\\/funerariaconceptochile.cl\\\/obituarios\\\/alfonso-renato-villalobos-ramirez\\\/#primaryimage\"},\"thumbnailUrl\":\"https:\\\/\\\/funerariaconceptochile.cl\\\/wp-content\\\/uploads\\\/2024\\\/11\\\/funerariaconcepto_alfonsovillalobos-copia.jpg\",\"datePublished\":\"2024-11-28T12:53:06+00:00\",\"dateModified\":\"2024-11-28T16:35:58+00:00\",\"author\":{\"@id\":\"https:\\\/\\\/funerariaconceptochile.cl\\\/#\\\/schema\\\/person\\\/778cdec708f417d049efb7a785538d7f\"},\"breadcrumb\":{\"@id\":\"https:\\\/\\\/funerariaconceptochile.cl\\\/obituarios\\\/alfonso-renato-villalobos-ramirez\\\/#breadcrumb\"},\"inLanguage\":\"es\",\"potentialAction\":[{\"@type\":\"ReadAction\",\"target\":[\"https:\\\/\\\/funerariaconceptochile.cl\\\/obituarios\\\/alfonso-renato-villalobos-ramirez\\\/\"]}]},{\"@type\":\"ImageObject\",\"inLanguage\":\"es\",\"@id\":\"https:\\\/\\\/funerariaconceptochile.cl\\\/obituarios\\\/alfonso-renato-villalobos-ramirez\\\/#primaryimage\",\"url\":\"https:\\\/\\\/funerariaconceptochile.cl\\\/wp-content\\\/uploads\\\/2024\\\/11\\\/funerariaconcepto_alfonsovillalobos-copia.jpg\",\"contentUrl\":\"https:\\\/\\\/funerariaconceptochile.cl\\\/wp-content\\\/uploads\\\/2024\\\/11\\\/funerariaconcepto_alfonsovillalobos-copia.jpg\",\"width\":200,\"height\":300},{\"@type\":\"BreadcrumbList\",\"@id\":\"https:\\\/\\\/funerariaconceptochile.cl\\\/obituarios\\\/alfonso-renato-villalobos-ramirez\\\/#breadcrumb\",\"itemListElement\":[{\"@type\":\"ListItem\",\"position\":1,\"name\":\"Portada\",\"item\":\"https:\\\/\\\/funerariaconceptochile.cl\\\/\"},{\"@type\":\"ListItem\",\"position\":2,\"name\":\"Alfonso Renato Villalobos Ramirez\"}]},{\"@type\":\"WebSite\",\"@id\":\"https:\\\/\\\/funerariaconceptochile.cl\\\/#website\",\"url\":\"https:\\\/\\\/funerariaconceptochile.cl\\\/\",\"name\":\"Funeraria Concepto\",\"description\":\"\",\"potentialAction\":[{\"@type\":\"SearchAction\",\"target\":{\"@type\":\"EntryPoint\",\"urlTemplate\":\"https:\\\/\\\/funerariaconceptochile.cl\\\/?s={search_term_string}\"},\"query-input\":{\"@type\":\"PropertyValueSpecification\",\"valueRequired\":true,\"valueName\":\"search_term_string\"}}],\"inLanguage\":\"es\"},{\"@type\":\"Person\",\"@id\":\"https:\\\/\\\/funerariaconceptochile.cl\\\/#\\\/schema\\\/person\\\/778cdec708f417d049efb7a785538d7f\",\"name\":\"Obiturarios Concepto\",\"url\":\"https:\\\/\\\/funerariaconceptochile.cl\\\/es\\\/obituarios\\\/author\\\/obituarios\\\/\"}]}<\/script>\n<!-- \/ Yoast SEO plugin. -->","yoast_head_json":{"title":"Alfonso Renato Villalobos Ramirez - Funeraria Concepto","robots":{"index":"index","follow":"follow","max-snippet":"max-snippet:-1","max-image-preview":"max-image-preview:large","max-video-preview":"max-video-preview:-1"},"canonical":"https:\/\/funerariaconceptochile.cl\/es\/obituarios\/alfonso-renato-villalobos-ramirez\/","og_locale":"es_ES","og_type":"article","og_title":"Alfonso Renato Villalobos Ramirez - Funeraria Concepto","og_description":"13\/03\/1936 \u2013 28\/11\/2024 Confiamos que el recuerdo de un ser querido se mantendr\u00e1 siempre presente en sus corazones. En Funeraria","og_url":"https:\/\/funerariaconceptochile.cl\/es\/obituarios\/alfonso-renato-villalobos-ramirez\/","og_site_name":"Funeraria Concepto","article_published_time":"2024-11-28T12:53:06+00:00","article_modified_time":"2024-11-28T16:35:58+00:00","og_image":[{"width":200,"height":300,"url":"https:\/\/funerariaconceptochile.cl\/wp-content\/uploads\/2024\/11\/funerariaconcepto_alfonsovillalobos-copia.jpg","type":"image\/jpeg"}],"author":"Obiturarios Concepto","twitter_card":"summary_large_image","twitter_misc":{"Escrito por":false,"Tiempo de lectura":"1 minuto"},"schema":{"@context":"https:\/\/schema.org","@graph":[{"@type":"Article","@id":"https:\/\/funerariaconceptochile.cl\/obituarios\/alfonso-renato-villalobos-ramirez\/#article","isPartOf":{"@id":"https:\/\/funerariaconceptochile.cl\/obituarios\/alfonso-renato-villalobos-ramirez\/"},"author":{"name":"Obiturarios Concepto","@id":"https:\/\/funerariaconceptochile.cl\/#\/schema\/person\/778cdec708f417d049efb7a785538d7f"},"headline":"Alfonso Renato Villalobos Ramirez","datePublished":"2024-11-28T12:53:06+00:00","dateModified":"2024-11-28T16:35:58+00:00","mainEntityOfPage":{"@id":"https:\/\/funerariaconceptochile.cl\/obituarios\/alfonso-renato-villalobos-ramirez\/"},"wordCount":119,"commentCount":8,"image":{"@id":"https:\/\/funerariaconceptochile.cl\/obituarios\/alfonso-renato-villalobos-ramirez\/#primaryimage"},"thumbnailUrl":"https:\/\/funerariaconceptochile.cl\/wp-content\/uploads\/2024\/11\/funerariaconcepto_alfonsovillalobos-copia.jpg","articleSection":["Obituario"],"inLanguage":"es","potentialAction":[{"@type":"CommentAction","name":"Comment","target":["https:\/\/funerariaconceptochile.cl\/obituarios\/alfonso-renato-villalobos-ramirez\/#respond"]}]},{"@type":"WebPage","@id":"https:\/\/funerariaconceptochile.cl\/obituarios\/alfonso-renato-villalobos-ramirez\/","url":"https:\/\/funerariaconceptochile.cl\/obituarios\/alfonso-renato-villalobos-ramirez\/","name":"Alfonso Renato Villalobos Ramirez - Funeraria Concepto","isPartOf":{"@id":"https:\/\/funerariaconceptochile.cl\/#website"},"primaryImageOfPage":{"@id":"https:\/\/funerariaconceptochile.cl\/obituarios\/alfonso-renato-villalobos-ramirez\/#primaryimage"},"image":{"@id":"https:\/\/funerariaconceptochile.cl\/obituarios\/alfonso-renato-villalobos-ramirez\/#primaryimage"},"thumbnailUrl":"https:\/\/funerariaconceptochile.cl\/wp-content\/uploads\/2024\/11\/funerariaconcepto_alfonsovillalobos-copia.jpg","datePublished":"2024-11-28T12:53:06+00:00","dateModified":"2024-11-28T16:35:58+00:00","author":{"@id":"https:\/\/funerariaconceptochile.cl\/#\/schema\/person\/778cdec708f417d049efb7a785538d7f"},"breadcrumb":{"@id":"https:\/\/funerariaconceptochile.cl\/obituarios\/alfonso-renato-villalobos-ramirez\/#breadcrumb"},"inLanguage":"es","potentialAction":[{"@type":"ReadAction","target":["https:\/\/funerariaconceptochile.cl\/obituarios\/alfonso-renato-villalobos-ramirez\/"]}]},{"@type":"ImageObject","inLanguage":"es","@id":"https:\/\/funerariaconceptochile.cl\/obituarios\/alfonso-renato-villalobos-ramirez\/#primaryimage","url":"https:\/\/funerariaconceptochile.cl\/wp-content\/uploads\/2024\/11\/funerariaconcepto_alfonsovillalobos-copia.jpg","contentUrl":"https:\/\/funerariaconceptochile.cl\/wp-content\/uploads\/2024\/11\/funerariaconcepto_alfonsovillalobos-copia.jpg","width":200,"height":300},{"@type":"BreadcrumbList","@id":"https:\/\/funerariaconceptochile.cl\/obituarios\/alfonso-renato-villalobos-ramirez\/#breadcrumb","itemListElement":[{"@type":"ListItem","position":1,"name":"Portada","item":"https:\/\/funerariaconceptochile.cl\/"},{"@type":"ListItem","position":2,"name":"Alfonso Renato Villalobos Ramirez"}]},{"@type":"WebSite","@id":"https:\/\/funerariaconceptochile.cl\/#website","url":"https:\/\/funerariaconceptochile.cl\/","name":"Funeraria Concepto","description":"","potentialAction":[{"@type":"SearchAction","target":{"@type":"EntryPoint","urlTemplate":"https:\/\/funerariaconceptochile.cl\/?s={search_term_string}"},"query-input":{"@type":"PropertyValueSpecification","valueRequired":true,"valueName":"search_term_string"}}],"inLanguage":"es"},{"@type":"Person","@id":"https:\/\/funerariaconceptochile.cl\/#\/schema\/person\/778cdec708f417d049efb7a785538d7f","name":"Obiturarios Concepto","url":"https:\/\/funerariaconceptochile.cl\/es\/obituarios\/author\/obituarios\/"}]}},"_links":{"self":[{"href":"https:\/\/funerariaconceptochile.cl\/es\/wp-json\/wp\/v2\/posts\/9870","targetHints":{"allow":["GET"]}}],"collection":[{"href":"https:\/\/funerariaconceptochile.cl\/es\/wp-json\/wp\/v2\/posts"}],"about":[{"href":"https:\/\/funerariaconceptochile.cl\/es\/wp-json\/wp\/v2\/types\/post"}],"author":[{"embeddable":true,"href":"https:\/\/funerariaconceptochile.cl\/es\/wp-json\/wp\/v2\/users\/5"}],"replies":[{"embeddable":true,"href":"https:\/\/funerariaconceptochile.cl\/es\/wp-json\/wp\/v2\/comments?post=9870"}],"version-history":[{"count":4,"href":"https:\/\/funerariaconceptochile.cl\/es\/wp-json\/wp\/v2\/posts\/9870\/revisions"}],"predecessor-version":[{"id":9877,"href":"https:\/\/funerariaconceptochile.cl\/es\/wp-json\/wp\/v2\/posts\/9870\/revisions\/9877"}],"wp:featuredmedia":[{"embeddable":true,"href":"https:\/\/funerariaconceptochile.cl\/es\/wp-json\/wp\/v2\/media\/9871"}],"wp:attachment":[{"href":"https:\/\/funerariaconceptochile.cl\/es\/wp-json\/wp\/v2\/media?parent=9870"}],"wp:term":[{"taxonomy":"category","embeddable":true,"href":"https:\/\/funerariaconceptochile.cl\/es\/wp-json\/wp\/v2\/categories?post=9870"},{"taxonomy":"post_tag","embeddable":true,"href":"https:\/\/funerariaconceptochile.cl\/es\/wp-json\/wp\/v2\/tags?post=9870"}],"curies":[{"name":"wp","href":"https:\/\/api.w.org\/{rel}","templated":true}]}}