{"id":9487,"date":"2024-09-11T15:16:27","date_gmt":"2024-09-11T19:16:27","guid":{"rendered":"https:\/\/funerariaconceptochile.cl\/?p=9487"},"modified":"2024-09-11T15:31:18","modified_gmt":"2024-09-11T19:31:18","slug":"dagoberto-eulogio-carrillo-rodriguez","status":"publish","type":"post","link":"https:\/\/funerariaconceptochile.cl\/es\/obituarios\/dagoberto-eulogio-carrillo-rodriguez\/","title":{"rendered":"DAGOBERTO EULOGIO CARRILLO RODRIGUEZ"},"content":{"rendered":"<p><img loading=\"lazy\" decoding=\"async\" class=\"size-full wp-image-9489 aligncenter\" src=\"https:\/\/funerariaconceptochile.cl\/wp-content\/uploads\/2024\/09\/WhatsApp-Image-2024-09-11-at-11.53.12-AM.jpeg\" alt=\"\" width=\"200\" height=\"300\" srcset=\"https:\/\/funerariaconceptochile.cl\/wp-content\/uploads\/2024\/09\/WhatsApp-Image-2024-09-11-at-11.53.12-AM.jpeg 200w, https:\/\/funerariaconceptochile.cl\/wp-content\/uploads\/2024\/09\/WhatsApp-Image-2024-09-11-at-11.53.12-AM-150x225.jpeg 150w\" sizes=\"auto, (max-width: 200px) 100vw, 200px\" \/><\/p>\n<p style=\"text-align: center\"><strong>28\/10\/1961\u2013 09\/09\/2024<\/strong><\/p>\n<p style=\"text-align: center\">Confiamos que el recuerdo de un ser querido se mantendr\u00e1 siempre presente en sus corazones. En Funeraria concepto, tenemos el prop\u00f3sito de acompa\u00f1arlos en el homenaje para dignificar la vida en un momento que trasciende, para esto los invitamos a expresar sus condolencias.<\/p>\n<p style=\"text-align: center\"><strong>Tarjeta de servicio<\/strong><\/p>\n<p style=\"text-align: center\"><strong>Lugar o sala velatorio:<\/strong> IGLESIA EVANGELICA 21 DE MAYO<\/p>\n<p style=\"text-align: center\"><strong>Lugar Culto:<\/strong> IGLESIA EVANGELICA 21 DE MAYO<\/p>\n<p style=\"text-align: center\"><strong>Fecha y hora de inicio:<\/strong> 12 de agosto 2024; Hora por confirmar<\/p>\n<p style=\"text-align: center\"><strong>Lugar Funeral:<\/strong>\u00a0Cementerio General de Los \u00c1ngeles<\/p>\n<p style=\"text-align: center\"><strong>Fecha y hora funeral:<\/strong> 12 de septiembre 2024; 10:00 Hrs.<\/p>\n<p style=\"text-align: center\"><strong>Direcci\u00f3n Funeral:\u00a0<\/strong>Avenida Gabriela Mistral S\/N &amp; Las Industrias, Los Angeles<\/p>","protected":false},"excerpt":{"rendered":"<p>28\/10\/1961\u2013 09\/09\/2024 Confiamos que el recuerdo de un ser querido se mantendr\u00e1 siempre presente en sus corazones. En Funeraria concepto,<\/p>","protected":false},"author":5,"featured_media":9489,"comment_status":"open","ping_status":"open","sticky":false,"template":"","format":"standard","meta":{"footnotes":""},"categories":[1],"tags":[],"class_list":["post-9487","post","type-post","status-publish","format-standard","has-post-thumbnail","hentry","category-o"],"yoast_head":"<!-- This site is optimized with the Yoast SEO plugin v27.5 - https:\/\/yoast.com\/product\/yoast-seo-wordpress\/ -->\n<title>DAGOBERTO EULOGIO CARRILLO RODRIGUEZ - Funeraria Concepto<\/title>\n<meta name=\"robots\" content=\"index, follow, max-snippet:-1, max-image-preview:large, max-video-preview:-1\" \/>\n<link rel=\"canonical\" href=\"https:\/\/funerariaconceptochile.cl\/es\/obituarios\/dagoberto-eulogio-carrillo-rodriguez\/\" \/>\n<meta property=\"og:locale\" content=\"es_ES\" \/>\n<meta property=\"og:type\" content=\"article\" \/>\n<meta property=\"og:title\" content=\"DAGOBERTO EULOGIO CARRILLO RODRIGUEZ - Funeraria Concepto\" \/>\n<meta property=\"og:description\" content=\"28\/10\/1961\u2013 09\/09\/2024 Confiamos que el recuerdo de un ser querido se mantendr\u00e1 siempre presente en sus corazones. En Funeraria concepto,\" \/>\n<meta property=\"og:url\" content=\"https:\/\/funerariaconceptochile.cl\/es\/obituarios\/dagoberto-eulogio-carrillo-rodriguez\/\" \/>\n<meta property=\"og:site_name\" content=\"Funeraria Concepto\" \/>\n<meta property=\"article:published_time\" content=\"2024-09-11T19:16:27+00:00\" \/>\n<meta property=\"article:modified_time\" content=\"2024-09-11T19:31:18+00:00\" \/>\n<meta property=\"og:image\" content=\"https:\/\/funerariaconceptochile.cl\/wp-content\/uploads\/2024\/09\/WhatsApp-Image-2024-09-11-at-11.53.12-AM.jpeg\" \/>\n\t<meta property=\"og:image:width\" content=\"200\" \/>\n\t<meta property=\"og:image:height\" content=\"300\" \/>\n\t<meta property=\"og:image:type\" content=\"image\/jpeg\" \/>\n<meta name=\"author\" content=\"Obiturarios Concepto\" \/>\n<meta name=\"twitter:card\" content=\"summary_large_image\" \/>\n<meta name=\"twitter:label1\" content=\"Escrito por\" \/>\n\t<meta name=\"twitter:data1\" content=\"\" \/>\n\t<meta name=\"twitter:label2\" content=\"Tiempo de lectura\" \/>\n\t<meta name=\"twitter:data2\" content=\"1 minuto\" \/>\n<script type=\"application\/ld+json\" class=\"yoast-schema-graph\">{\"@context\":\"https:\\\/\\\/schema.org\",\"@graph\":[{\"@type\":\"Article\",\"@id\":\"https:\\\/\\\/funerariaconceptochile.cl\\\/obituarios\\\/dagoberto-eulogio-carrillo-rodriguez\\\/#article\",\"isPartOf\":{\"@id\":\"https:\\\/\\\/funerariaconceptochile.cl\\\/obituarios\\\/dagoberto-eulogio-carrillo-rodriguez\\\/\"},\"author\":{\"name\":\"Obiturarios Concepto\",\"@id\":\"https:\\\/\\\/funerariaconceptochile.cl\\\/#\\\/schema\\\/person\\\/778cdec708f417d049efb7a785538d7f\"},\"headline\":\"DAGOBERTO EULOGIO CARRILLO RODRIGUEZ\",\"datePublished\":\"2024-09-11T19:16:27+00:00\",\"dateModified\":\"2024-09-11T19:31:18+00:00\",\"mainEntityOfPage\":{\"@id\":\"https:\\\/\\\/funerariaconceptochile.cl\\\/obituarios\\\/dagoberto-eulogio-carrillo-rodriguez\\\/\"},\"wordCount\":103,\"commentCount\":0,\"image\":{\"@id\":\"https:\\\/\\\/funerariaconceptochile.cl\\\/obituarios\\\/dagoberto-eulogio-carrillo-rodriguez\\\/#primaryimage\"},\"thumbnailUrl\":\"https:\\\/\\\/funerariaconceptochile.cl\\\/wp-content\\\/uploads\\\/2024\\\/09\\\/WhatsApp-Image-2024-09-11-at-11.53.12-AM.jpeg\",\"articleSection\":[\"Obituario\"],\"inLanguage\":\"es\",\"potentialAction\":[{\"@type\":\"CommentAction\",\"name\":\"Comment\",\"target\":[\"https:\\\/\\\/funerariaconceptochile.cl\\\/obituarios\\\/dagoberto-eulogio-carrillo-rodriguez\\\/#respond\"]}]},{\"@type\":\"WebPage\",\"@id\":\"https:\\\/\\\/funerariaconceptochile.cl\\\/obituarios\\\/dagoberto-eulogio-carrillo-rodriguez\\\/\",\"url\":\"https:\\\/\\\/funerariaconceptochile.cl\\\/obituarios\\\/dagoberto-eulogio-carrillo-rodriguez\\\/\",\"name\":\"DAGOBERTO EULOGIO CARRILLO RODRIGUEZ - Funeraria Concepto\",\"isPartOf\":{\"@id\":\"https:\\\/\\\/funerariaconceptochile.cl\\\/#website\"},\"primaryImageOfPage\":{\"@id\":\"https:\\\/\\\/funerariaconceptochile.cl\\\/obituarios\\\/dagoberto-eulogio-carrillo-rodriguez\\\/#primaryimage\"},\"image\":{\"@id\":\"https:\\\/\\\/funerariaconceptochile.cl\\\/obituarios\\\/dagoberto-eulogio-carrillo-rodriguez\\\/#primaryimage\"},\"thumbnailUrl\":\"https:\\\/\\\/funerariaconceptochile.cl\\\/wp-content\\\/uploads\\\/2024\\\/09\\\/WhatsApp-Image-2024-09-11-at-11.53.12-AM.jpeg\",\"datePublished\":\"2024-09-11T19:16:27+00:00\",\"dateModified\":\"2024-09-11T19:31:18+00:00\",\"author\":{\"@id\":\"https:\\\/\\\/funerariaconceptochile.cl\\\/#\\\/schema\\\/person\\\/778cdec708f417d049efb7a785538d7f\"},\"breadcrumb\":{\"@id\":\"https:\\\/\\\/funerariaconceptochile.cl\\\/obituarios\\\/dagoberto-eulogio-carrillo-rodriguez\\\/#breadcrumb\"},\"inLanguage\":\"es\",\"potentialAction\":[{\"@type\":\"ReadAction\",\"target\":[\"https:\\\/\\\/funerariaconceptochile.cl\\\/obituarios\\\/dagoberto-eulogio-carrillo-rodriguez\\\/\"]}]},{\"@type\":\"ImageObject\",\"inLanguage\":\"es\",\"@id\":\"https:\\\/\\\/funerariaconceptochile.cl\\\/obituarios\\\/dagoberto-eulogio-carrillo-rodriguez\\\/#primaryimage\",\"url\":\"https:\\\/\\\/funerariaconceptochile.cl\\\/wp-content\\\/uploads\\\/2024\\\/09\\\/WhatsApp-Image-2024-09-11-at-11.53.12-AM.jpeg\",\"contentUrl\":\"https:\\\/\\\/funerariaconceptochile.cl\\\/wp-content\\\/uploads\\\/2024\\\/09\\\/WhatsApp-Image-2024-09-11-at-11.53.12-AM.jpeg\",\"width\":200,\"height\":300},{\"@type\":\"BreadcrumbList\",\"@id\":\"https:\\\/\\\/funerariaconceptochile.cl\\\/obituarios\\\/dagoberto-eulogio-carrillo-rodriguez\\\/#breadcrumb\",\"itemListElement\":[{\"@type\":\"ListItem\",\"position\":1,\"name\":\"Portada\",\"item\":\"https:\\\/\\\/funerariaconceptochile.cl\\\/\"},{\"@type\":\"ListItem\",\"position\":2,\"name\":\"DAGOBERTO EULOGIO CARRILLO RODRIGUEZ\"}]},{\"@type\":\"WebSite\",\"@id\":\"https:\\\/\\\/funerariaconceptochile.cl\\\/#website\",\"url\":\"https:\\\/\\\/funerariaconceptochile.cl\\\/\",\"name\":\"Funeraria Concepto\",\"description\":\"\",\"potentialAction\":[{\"@type\":\"SearchAction\",\"target\":{\"@type\":\"EntryPoint\",\"urlTemplate\":\"https:\\\/\\\/funerariaconceptochile.cl\\\/?s={search_term_string}\"},\"query-input\":{\"@type\":\"PropertyValueSpecification\",\"valueRequired\":true,\"valueName\":\"search_term_string\"}}],\"inLanguage\":\"es\"},{\"@type\":\"Person\",\"@id\":\"https:\\\/\\\/funerariaconceptochile.cl\\\/#\\\/schema\\\/person\\\/778cdec708f417d049efb7a785538d7f\",\"name\":\"Obiturarios Concepto\",\"url\":\"https:\\\/\\\/funerariaconceptochile.cl\\\/es\\\/obituarios\\\/author\\\/obituarios\\\/\"}]}<\/script>\n<!-- \/ Yoast SEO plugin. -->","yoast_head_json":{"title":"DAGOBERTO EULOGIO CARRILLO RODRIGUEZ - Funeraria Concepto","robots":{"index":"index","follow":"follow","max-snippet":"max-snippet:-1","max-image-preview":"max-image-preview:large","max-video-preview":"max-video-preview:-1"},"canonical":"https:\/\/funerariaconceptochile.cl\/es\/obituarios\/dagoberto-eulogio-carrillo-rodriguez\/","og_locale":"es_ES","og_type":"article","og_title":"DAGOBERTO EULOGIO CARRILLO RODRIGUEZ - Funeraria Concepto","og_description":"28\/10\/1961\u2013 09\/09\/2024 Confiamos que el recuerdo de un ser querido se mantendr\u00e1 siempre presente en sus corazones. En Funeraria concepto,","og_url":"https:\/\/funerariaconceptochile.cl\/es\/obituarios\/dagoberto-eulogio-carrillo-rodriguez\/","og_site_name":"Funeraria Concepto","article_published_time":"2024-09-11T19:16:27+00:00","article_modified_time":"2024-09-11T19:31:18+00:00","og_image":[{"width":200,"height":300,"url":"https:\/\/funerariaconceptochile.cl\/wp-content\/uploads\/2024\/09\/WhatsApp-Image-2024-09-11-at-11.53.12-AM.jpeg","type":"image\/jpeg"}],"author":"Obiturarios Concepto","twitter_card":"summary_large_image","twitter_misc":{"Escrito por":false,"Tiempo de lectura":"1 minuto"},"schema":{"@context":"https:\/\/schema.org","@graph":[{"@type":"Article","@id":"https:\/\/funerariaconceptochile.cl\/obituarios\/dagoberto-eulogio-carrillo-rodriguez\/#article","isPartOf":{"@id":"https:\/\/funerariaconceptochile.cl\/obituarios\/dagoberto-eulogio-carrillo-rodriguez\/"},"author":{"name":"Obiturarios Concepto","@id":"https:\/\/funerariaconceptochile.cl\/#\/schema\/person\/778cdec708f417d049efb7a785538d7f"},"headline":"DAGOBERTO EULOGIO CARRILLO RODRIGUEZ","datePublished":"2024-09-11T19:16:27+00:00","dateModified":"2024-09-11T19:31:18+00:00","mainEntityOfPage":{"@id":"https:\/\/funerariaconceptochile.cl\/obituarios\/dagoberto-eulogio-carrillo-rodriguez\/"},"wordCount":103,"commentCount":0,"image":{"@id":"https:\/\/funerariaconceptochile.cl\/obituarios\/dagoberto-eulogio-carrillo-rodriguez\/#primaryimage"},"thumbnailUrl":"https:\/\/funerariaconceptochile.cl\/wp-content\/uploads\/2024\/09\/WhatsApp-Image-2024-09-11-at-11.53.12-AM.jpeg","articleSection":["Obituario"],"inLanguage":"es","potentialAction":[{"@type":"CommentAction","name":"Comment","target":["https:\/\/funerariaconceptochile.cl\/obituarios\/dagoberto-eulogio-carrillo-rodriguez\/#respond"]}]},{"@type":"WebPage","@id":"https:\/\/funerariaconceptochile.cl\/obituarios\/dagoberto-eulogio-carrillo-rodriguez\/","url":"https:\/\/funerariaconceptochile.cl\/obituarios\/dagoberto-eulogio-carrillo-rodriguez\/","name":"DAGOBERTO EULOGIO CARRILLO RODRIGUEZ - Funeraria Concepto","isPartOf":{"@id":"https:\/\/funerariaconceptochile.cl\/#website"},"primaryImageOfPage":{"@id":"https:\/\/funerariaconceptochile.cl\/obituarios\/dagoberto-eulogio-carrillo-rodriguez\/#primaryimage"},"image":{"@id":"https:\/\/funerariaconceptochile.cl\/obituarios\/dagoberto-eulogio-carrillo-rodriguez\/#primaryimage"},"thumbnailUrl":"https:\/\/funerariaconceptochile.cl\/wp-content\/uploads\/2024\/09\/WhatsApp-Image-2024-09-11-at-11.53.12-AM.jpeg","datePublished":"2024-09-11T19:16:27+00:00","dateModified":"2024-09-11T19:31:18+00:00","author":{"@id":"https:\/\/funerariaconceptochile.cl\/#\/schema\/person\/778cdec708f417d049efb7a785538d7f"},"breadcrumb":{"@id":"https:\/\/funerariaconceptochile.cl\/obituarios\/dagoberto-eulogio-carrillo-rodriguez\/#breadcrumb"},"inLanguage":"es","potentialAction":[{"@type":"ReadAction","target":["https:\/\/funerariaconceptochile.cl\/obituarios\/dagoberto-eulogio-carrillo-rodriguez\/"]}]},{"@type":"ImageObject","inLanguage":"es","@id":"https:\/\/funerariaconceptochile.cl\/obituarios\/dagoberto-eulogio-carrillo-rodriguez\/#primaryimage","url":"https:\/\/funerariaconceptochile.cl\/wp-content\/uploads\/2024\/09\/WhatsApp-Image-2024-09-11-at-11.53.12-AM.jpeg","contentUrl":"https:\/\/funerariaconceptochile.cl\/wp-content\/uploads\/2024\/09\/WhatsApp-Image-2024-09-11-at-11.53.12-AM.jpeg","width":200,"height":300},{"@type":"BreadcrumbList","@id":"https:\/\/funerariaconceptochile.cl\/obituarios\/dagoberto-eulogio-carrillo-rodriguez\/#breadcrumb","itemListElement":[{"@type":"ListItem","position":1,"name":"Portada","item":"https:\/\/funerariaconceptochile.cl\/"},{"@type":"ListItem","position":2,"name":"DAGOBERTO EULOGIO CARRILLO RODRIGUEZ"}]},{"@type":"WebSite","@id":"https:\/\/funerariaconceptochile.cl\/#website","url":"https:\/\/funerariaconceptochile.cl\/","name":"Funeraria Concepto","description":"","potentialAction":[{"@type":"SearchAction","target":{"@type":"EntryPoint","urlTemplate":"https:\/\/funerariaconceptochile.cl\/?s={search_term_string}"},"query-input":{"@type":"PropertyValueSpecification","valueRequired":true,"valueName":"search_term_string"}}],"inLanguage":"es"},{"@type":"Person","@id":"https:\/\/funerariaconceptochile.cl\/#\/schema\/person\/778cdec708f417d049efb7a785538d7f","name":"Obiturarios Concepto","url":"https:\/\/funerariaconceptochile.cl\/es\/obituarios\/author\/obituarios\/"}]}},"_links":{"self":[{"href":"https:\/\/funerariaconceptochile.cl\/es\/wp-json\/wp\/v2\/posts\/9487","targetHints":{"allow":["GET"]}}],"collection":[{"href":"https:\/\/funerariaconceptochile.cl\/es\/wp-json\/wp\/v2\/posts"}],"about":[{"href":"https:\/\/funerariaconceptochile.cl\/es\/wp-json\/wp\/v2\/types\/post"}],"author":[{"embeddable":true,"href":"https:\/\/funerariaconceptochile.cl\/es\/wp-json\/wp\/v2\/users\/5"}],"replies":[{"embeddable":true,"href":"https:\/\/funerariaconceptochile.cl\/es\/wp-json\/wp\/v2\/comments?post=9487"}],"version-history":[{"count":4,"href":"https:\/\/funerariaconceptochile.cl\/es\/wp-json\/wp\/v2\/posts\/9487\/revisions"}],"predecessor-version":[{"id":9493,"href":"https:\/\/funerariaconceptochile.cl\/es\/wp-json\/wp\/v2\/posts\/9487\/revisions\/9493"}],"wp:featuredmedia":[{"embeddable":true,"href":"https:\/\/funerariaconceptochile.cl\/es\/wp-json\/wp\/v2\/media\/9489"}],"wp:attachment":[{"href":"https:\/\/funerariaconceptochile.cl\/es\/wp-json\/wp\/v2\/media?parent=9487"}],"wp:term":[{"taxonomy":"category","embeddable":true,"href":"https:\/\/funerariaconceptochile.cl\/es\/wp-json\/wp\/v2\/categories?post=9487"},{"taxonomy":"post_tag","embeddable":true,"href":"https:\/\/funerariaconceptochile.cl\/es\/wp-json\/wp\/v2\/tags?post=9487"}],"curies":[{"name":"wp","href":"https:\/\/api.w.org\/{rel}","templated":true}]}}