{"id":9459,"date":"2024-09-04T14:59:44","date_gmt":"2024-09-04T18:59:44","guid":{"rendered":"https:\/\/funerariaconceptochile.cl\/?p=9459"},"modified":"2024-09-05T19:23:47","modified_gmt":"2024-09-05T23:23:47","slug":"gabriel-gumercindo-granifo-valenzuela","status":"publish","type":"post","link":"https:\/\/funerariaconceptochile.cl\/es\/obituarios\/gabriel-gumercindo-granifo-valenzuela\/","title":{"rendered":"Gabriel Gumercindo Granifo Valenzuela"},"content":{"rendered":"<p><img loading=\"lazy\" decoding=\"async\" class=\"size-full wp-image-9460 aligncenter\" src=\"https:\/\/funerariaconceptochile.cl\/wp-content\/uploads\/2024\/09\/WhatsApp-Image-2024-09-03-at-3.51.25-PM.jpeg\" alt=\"\" width=\"200\" height=\"300\" srcset=\"https:\/\/funerariaconceptochile.cl\/wp-content\/uploads\/2024\/09\/WhatsApp-Image-2024-09-03-at-3.51.25-PM.jpeg 200w, https:\/\/funerariaconceptochile.cl\/wp-content\/uploads\/2024\/09\/WhatsApp-Image-2024-09-03-at-3.51.25-PM-150x225.jpeg 150w\" sizes=\"auto, (max-width: 200px) 100vw, 200px\" \/><\/p>\n<p style=\"text-align: center\"><strong>08\/11\/1950\u2013 04\/09\/2024<\/strong><\/p>\n<p style=\"text-align: center\">Confiamos que el recuerdo de un ser querido se mantendr\u00e1 siempre presente en sus corazones. En Funeraria concepto, tenemos el prop\u00f3sito de acompa\u00f1arlos en el homenaje para dignificar la vida en un momento que trasciende, para esto los invitamos a expresar sus condolencias.<\/p>\n<p style=\"text-align: center\"><strong>Tarjeta de servicio<\/strong><\/p>\n<p style=\"text-align: center\"><strong>Lugar o sala velatorio:<\/strong> Iglesia Sagrada Familia<\/p>\n<p style=\"text-align: center\"><strong>Direcci\u00f3n:<\/strong> Guillermo Marconi 710, Los \u00c1ngeles, B\u00edo B\u00edo, horario 09.00 AM- 23.00 PM<\/p>\n<p style=\"text-align: center\"><strong>Lugar Misa:<\/strong> Iglesia Sagrada Familia<\/p>\n<p style=\"text-align: center\"><strong>Fecha y hora de inicio:<\/strong> 06 septiembre 2024; 10:30 am (misa)<\/p>\n<p style=\"text-align: center\"><strong>Direcci\u00f3n:<\/strong> Guillermo Marconi 710, Los \u00c1ngeles, B\u00edo B\u00edo<\/p>\n<p style=\"text-align: center\"><strong>Lugar Funeral:<\/strong> Cementerio Parque Santa Mar\u00eda<\/p>\n<p style=\"text-align: center\"><strong>Fecha y hora funeral:<\/strong> 06 de septiembre 2024; 12:00 hrs<\/p>\n<p style=\"text-align: center\"><strong>Direcci\u00f3n Funeral: <\/strong>Av Las Industrias km 505, Los Angeles.<\/p>","protected":false},"excerpt":{"rendered":"<p>08\/11\/1950\u2013 04\/09\/2024 Confiamos que el recuerdo de un ser querido se mantendr\u00e1 siempre presente en sus corazones. En Funeraria concepto,<\/p>","protected":false},"author":5,"featured_media":9460,"comment_status":"open","ping_status":"open","sticky":false,"template":"","format":"standard","meta":{"footnotes":""},"categories":[1],"tags":[],"class_list":["post-9459","post","type-post","status-publish","format-standard","has-post-thumbnail","hentry","category-o"],"yoast_head":"<!-- This site is optimized with the Yoast SEO plugin v27.5 - https:\/\/yoast.com\/product\/yoast-seo-wordpress\/ -->\n<title>Gabriel Gumercindo Granifo Valenzuela - Funeraria Concepto<\/title>\n<meta name=\"robots\" content=\"index, follow, max-snippet:-1, max-image-preview:large, max-video-preview:-1\" \/>\n<link rel=\"canonical\" href=\"https:\/\/funerariaconceptochile.cl\/es\/obituarios\/gabriel-gumercindo-granifo-valenzuela\/\" \/>\n<meta property=\"og:locale\" content=\"es_ES\" \/>\n<meta property=\"og:type\" content=\"article\" \/>\n<meta property=\"og:title\" content=\"Gabriel Gumercindo Granifo Valenzuela - Funeraria Concepto\" \/>\n<meta property=\"og:description\" content=\"08\/11\/1950\u2013 04\/09\/2024 Confiamos que el recuerdo de un ser querido se mantendr\u00e1 siempre presente en sus corazones. En Funeraria concepto,\" \/>\n<meta property=\"og:url\" content=\"https:\/\/funerariaconceptochile.cl\/es\/obituarios\/gabriel-gumercindo-granifo-valenzuela\/\" \/>\n<meta property=\"og:site_name\" content=\"Funeraria Concepto\" \/>\n<meta property=\"article:published_time\" content=\"2024-09-04T18:59:44+00:00\" \/>\n<meta property=\"article:modified_time\" content=\"2024-09-05T23:23:47+00:00\" \/>\n<meta property=\"og:image\" content=\"https:\/\/funerariaconceptochile.cl\/wp-content\/uploads\/2024\/09\/WhatsApp-Image-2024-09-03-at-3.51.25-PM.jpeg\" \/>\n\t<meta property=\"og:image:width\" content=\"200\" \/>\n\t<meta property=\"og:image:height\" content=\"300\" \/>\n\t<meta property=\"og:image:type\" content=\"image\/jpeg\" \/>\n<meta name=\"author\" content=\"Obiturarios Concepto\" \/>\n<meta name=\"twitter:card\" content=\"summary_large_image\" \/>\n<meta name=\"twitter:label1\" content=\"Escrito por\" \/>\n\t<meta name=\"twitter:data1\" content=\"\" \/>\n\t<meta name=\"twitter:label2\" content=\"Tiempo de lectura\" \/>\n\t<meta name=\"twitter:data2\" content=\"1 minuto\" \/>\n<script type=\"application\/ld+json\" class=\"yoast-schema-graph\">{\"@context\":\"https:\\\/\\\/schema.org\",\"@graph\":[{\"@type\":\"Article\",\"@id\":\"https:\\\/\\\/funerariaconceptochile.cl\\\/obituarios\\\/gabriel-gumercindo-granifo-valenzuela\\\/#article\",\"isPartOf\":{\"@id\":\"https:\\\/\\\/funerariaconceptochile.cl\\\/obituarios\\\/gabriel-gumercindo-granifo-valenzuela\\\/\"},\"author\":{\"name\":\"Obiturarios Concepto\",\"@id\":\"https:\\\/\\\/funerariaconceptochile.cl\\\/#\\\/schema\\\/person\\\/778cdec708f417d049efb7a785538d7f\"},\"headline\":\"Gabriel Gumercindo Granifo Valenzuela\",\"datePublished\":\"2024-09-04T18:59:44+00:00\",\"dateModified\":\"2024-09-05T23:23:47+00:00\",\"mainEntityOfPage\":{\"@id\":\"https:\\\/\\\/funerariaconceptochile.cl\\\/obituarios\\\/gabriel-gumercindo-granifo-valenzuela\\\/\"},\"wordCount\":118,\"commentCount\":11,\"image\":{\"@id\":\"https:\\\/\\\/funerariaconceptochile.cl\\\/obituarios\\\/gabriel-gumercindo-granifo-valenzuela\\\/#primaryimage\"},\"thumbnailUrl\":\"https:\\\/\\\/funerariaconceptochile.cl\\\/wp-content\\\/uploads\\\/2024\\\/09\\\/WhatsApp-Image-2024-09-03-at-3.51.25-PM.jpeg\",\"articleSection\":[\"Obituario\"],\"inLanguage\":\"es\",\"potentialAction\":[{\"@type\":\"CommentAction\",\"name\":\"Comment\",\"target\":[\"https:\\\/\\\/funerariaconceptochile.cl\\\/obituarios\\\/gabriel-gumercindo-granifo-valenzuela\\\/#respond\"]}]},{\"@type\":\"WebPage\",\"@id\":\"https:\\\/\\\/funerariaconceptochile.cl\\\/obituarios\\\/gabriel-gumercindo-granifo-valenzuela\\\/\",\"url\":\"https:\\\/\\\/funerariaconceptochile.cl\\\/obituarios\\\/gabriel-gumercindo-granifo-valenzuela\\\/\",\"name\":\"Gabriel Gumercindo Granifo Valenzuela - Funeraria Concepto\",\"isPartOf\":{\"@id\":\"https:\\\/\\\/funerariaconceptochile.cl\\\/#website\"},\"primaryImageOfPage\":{\"@id\":\"https:\\\/\\\/funerariaconceptochile.cl\\\/obituarios\\\/gabriel-gumercindo-granifo-valenzuela\\\/#primaryimage\"},\"image\":{\"@id\":\"https:\\\/\\\/funerariaconceptochile.cl\\\/obituarios\\\/gabriel-gumercindo-granifo-valenzuela\\\/#primaryimage\"},\"thumbnailUrl\":\"https:\\\/\\\/funerariaconceptochile.cl\\\/wp-content\\\/uploads\\\/2024\\\/09\\\/WhatsApp-Image-2024-09-03-at-3.51.25-PM.jpeg\",\"datePublished\":\"2024-09-04T18:59:44+00:00\",\"dateModified\":\"2024-09-05T23:23:47+00:00\",\"author\":{\"@id\":\"https:\\\/\\\/funerariaconceptochile.cl\\\/#\\\/schema\\\/person\\\/778cdec708f417d049efb7a785538d7f\"},\"breadcrumb\":{\"@id\":\"https:\\\/\\\/funerariaconceptochile.cl\\\/obituarios\\\/gabriel-gumercindo-granifo-valenzuela\\\/#breadcrumb\"},\"inLanguage\":\"es\",\"potentialAction\":[{\"@type\":\"ReadAction\",\"target\":[\"https:\\\/\\\/funerariaconceptochile.cl\\\/obituarios\\\/gabriel-gumercindo-granifo-valenzuela\\\/\"]}]},{\"@type\":\"ImageObject\",\"inLanguage\":\"es\",\"@id\":\"https:\\\/\\\/funerariaconceptochile.cl\\\/obituarios\\\/gabriel-gumercindo-granifo-valenzuela\\\/#primaryimage\",\"url\":\"https:\\\/\\\/funerariaconceptochile.cl\\\/wp-content\\\/uploads\\\/2024\\\/09\\\/WhatsApp-Image-2024-09-03-at-3.51.25-PM.jpeg\",\"contentUrl\":\"https:\\\/\\\/funerariaconceptochile.cl\\\/wp-content\\\/uploads\\\/2024\\\/09\\\/WhatsApp-Image-2024-09-03-at-3.51.25-PM.jpeg\",\"width\":200,\"height\":300},{\"@type\":\"BreadcrumbList\",\"@id\":\"https:\\\/\\\/funerariaconceptochile.cl\\\/obituarios\\\/gabriel-gumercindo-granifo-valenzuela\\\/#breadcrumb\",\"itemListElement\":[{\"@type\":\"ListItem\",\"position\":1,\"name\":\"Portada\",\"item\":\"https:\\\/\\\/funerariaconceptochile.cl\\\/\"},{\"@type\":\"ListItem\",\"position\":2,\"name\":\"Gabriel Gumercindo Granifo Valenzuela\"}]},{\"@type\":\"WebSite\",\"@id\":\"https:\\\/\\\/funerariaconceptochile.cl\\\/#website\",\"url\":\"https:\\\/\\\/funerariaconceptochile.cl\\\/\",\"name\":\"Funeraria Concepto\",\"description\":\"\",\"potentialAction\":[{\"@type\":\"SearchAction\",\"target\":{\"@type\":\"EntryPoint\",\"urlTemplate\":\"https:\\\/\\\/funerariaconceptochile.cl\\\/?s={search_term_string}\"},\"query-input\":{\"@type\":\"PropertyValueSpecification\",\"valueRequired\":true,\"valueName\":\"search_term_string\"}}],\"inLanguage\":\"es\"},{\"@type\":\"Person\",\"@id\":\"https:\\\/\\\/funerariaconceptochile.cl\\\/#\\\/schema\\\/person\\\/778cdec708f417d049efb7a785538d7f\",\"name\":\"Obiturarios Concepto\",\"url\":\"https:\\\/\\\/funerariaconceptochile.cl\\\/es\\\/obituarios\\\/author\\\/obituarios\\\/\"}]}<\/script>\n<!-- \/ Yoast SEO plugin. -->","yoast_head_json":{"title":"Gabriel Gumercindo Granifo Valenzuela - Funeraria Concepto","robots":{"index":"index","follow":"follow","max-snippet":"max-snippet:-1","max-image-preview":"max-image-preview:large","max-video-preview":"max-video-preview:-1"},"canonical":"https:\/\/funerariaconceptochile.cl\/es\/obituarios\/gabriel-gumercindo-granifo-valenzuela\/","og_locale":"es_ES","og_type":"article","og_title":"Gabriel Gumercindo Granifo Valenzuela - Funeraria Concepto","og_description":"08\/11\/1950\u2013 04\/09\/2024 Confiamos que el recuerdo de un ser querido se mantendr\u00e1 siempre presente en sus corazones. En Funeraria concepto,","og_url":"https:\/\/funerariaconceptochile.cl\/es\/obituarios\/gabriel-gumercindo-granifo-valenzuela\/","og_site_name":"Funeraria Concepto","article_published_time":"2024-09-04T18:59:44+00:00","article_modified_time":"2024-09-05T23:23:47+00:00","og_image":[{"width":200,"height":300,"url":"https:\/\/funerariaconceptochile.cl\/wp-content\/uploads\/2024\/09\/WhatsApp-Image-2024-09-03-at-3.51.25-PM.jpeg","type":"image\/jpeg"}],"author":"Obiturarios Concepto","twitter_card":"summary_large_image","twitter_misc":{"Escrito por":false,"Tiempo de lectura":"1 minuto"},"schema":{"@context":"https:\/\/schema.org","@graph":[{"@type":"Article","@id":"https:\/\/funerariaconceptochile.cl\/obituarios\/gabriel-gumercindo-granifo-valenzuela\/#article","isPartOf":{"@id":"https:\/\/funerariaconceptochile.cl\/obituarios\/gabriel-gumercindo-granifo-valenzuela\/"},"author":{"name":"Obiturarios Concepto","@id":"https:\/\/funerariaconceptochile.cl\/#\/schema\/person\/778cdec708f417d049efb7a785538d7f"},"headline":"Gabriel Gumercindo Granifo Valenzuela","datePublished":"2024-09-04T18:59:44+00:00","dateModified":"2024-09-05T23:23:47+00:00","mainEntityOfPage":{"@id":"https:\/\/funerariaconceptochile.cl\/obituarios\/gabriel-gumercindo-granifo-valenzuela\/"},"wordCount":118,"commentCount":11,"image":{"@id":"https:\/\/funerariaconceptochile.cl\/obituarios\/gabriel-gumercindo-granifo-valenzuela\/#primaryimage"},"thumbnailUrl":"https:\/\/funerariaconceptochile.cl\/wp-content\/uploads\/2024\/09\/WhatsApp-Image-2024-09-03-at-3.51.25-PM.jpeg","articleSection":["Obituario"],"inLanguage":"es","potentialAction":[{"@type":"CommentAction","name":"Comment","target":["https:\/\/funerariaconceptochile.cl\/obituarios\/gabriel-gumercindo-granifo-valenzuela\/#respond"]}]},{"@type":"WebPage","@id":"https:\/\/funerariaconceptochile.cl\/obituarios\/gabriel-gumercindo-granifo-valenzuela\/","url":"https:\/\/funerariaconceptochile.cl\/obituarios\/gabriel-gumercindo-granifo-valenzuela\/","name":"Gabriel Gumercindo Granifo Valenzuela - Funeraria Concepto","isPartOf":{"@id":"https:\/\/funerariaconceptochile.cl\/#website"},"primaryImageOfPage":{"@id":"https:\/\/funerariaconceptochile.cl\/obituarios\/gabriel-gumercindo-granifo-valenzuela\/#primaryimage"},"image":{"@id":"https:\/\/funerariaconceptochile.cl\/obituarios\/gabriel-gumercindo-granifo-valenzuela\/#primaryimage"},"thumbnailUrl":"https:\/\/funerariaconceptochile.cl\/wp-content\/uploads\/2024\/09\/WhatsApp-Image-2024-09-03-at-3.51.25-PM.jpeg","datePublished":"2024-09-04T18:59:44+00:00","dateModified":"2024-09-05T23:23:47+00:00","author":{"@id":"https:\/\/funerariaconceptochile.cl\/#\/schema\/person\/778cdec708f417d049efb7a785538d7f"},"breadcrumb":{"@id":"https:\/\/funerariaconceptochile.cl\/obituarios\/gabriel-gumercindo-granifo-valenzuela\/#breadcrumb"},"inLanguage":"es","potentialAction":[{"@type":"ReadAction","target":["https:\/\/funerariaconceptochile.cl\/obituarios\/gabriel-gumercindo-granifo-valenzuela\/"]}]},{"@type":"ImageObject","inLanguage":"es","@id":"https:\/\/funerariaconceptochile.cl\/obituarios\/gabriel-gumercindo-granifo-valenzuela\/#primaryimage","url":"https:\/\/funerariaconceptochile.cl\/wp-content\/uploads\/2024\/09\/WhatsApp-Image-2024-09-03-at-3.51.25-PM.jpeg","contentUrl":"https:\/\/funerariaconceptochile.cl\/wp-content\/uploads\/2024\/09\/WhatsApp-Image-2024-09-03-at-3.51.25-PM.jpeg","width":200,"height":300},{"@type":"BreadcrumbList","@id":"https:\/\/funerariaconceptochile.cl\/obituarios\/gabriel-gumercindo-granifo-valenzuela\/#breadcrumb","itemListElement":[{"@type":"ListItem","position":1,"name":"Portada","item":"https:\/\/funerariaconceptochile.cl\/"},{"@type":"ListItem","position":2,"name":"Gabriel Gumercindo Granifo Valenzuela"}]},{"@type":"WebSite","@id":"https:\/\/funerariaconceptochile.cl\/#website","url":"https:\/\/funerariaconceptochile.cl\/","name":"Funeraria Concepto","description":"","potentialAction":[{"@type":"SearchAction","target":{"@type":"EntryPoint","urlTemplate":"https:\/\/funerariaconceptochile.cl\/?s={search_term_string}"},"query-input":{"@type":"PropertyValueSpecification","valueRequired":true,"valueName":"search_term_string"}}],"inLanguage":"es"},{"@type":"Person","@id":"https:\/\/funerariaconceptochile.cl\/#\/schema\/person\/778cdec708f417d049efb7a785538d7f","name":"Obiturarios Concepto","url":"https:\/\/funerariaconceptochile.cl\/es\/obituarios\/author\/obituarios\/"}]}},"_links":{"self":[{"href":"https:\/\/funerariaconceptochile.cl\/es\/wp-json\/wp\/v2\/posts\/9459","targetHints":{"allow":["GET"]}}],"collection":[{"href":"https:\/\/funerariaconceptochile.cl\/es\/wp-json\/wp\/v2\/posts"}],"about":[{"href":"https:\/\/funerariaconceptochile.cl\/es\/wp-json\/wp\/v2\/types\/post"}],"author":[{"embeddable":true,"href":"https:\/\/funerariaconceptochile.cl\/es\/wp-json\/wp\/v2\/users\/5"}],"replies":[{"embeddable":true,"href":"https:\/\/funerariaconceptochile.cl\/es\/wp-json\/wp\/v2\/comments?post=9459"}],"version-history":[{"count":7,"href":"https:\/\/funerariaconceptochile.cl\/es\/wp-json\/wp\/v2\/posts\/9459\/revisions"}],"predecessor-version":[{"id":9471,"href":"https:\/\/funerariaconceptochile.cl\/es\/wp-json\/wp\/v2\/posts\/9459\/revisions\/9471"}],"wp:featuredmedia":[{"embeddable":true,"href":"https:\/\/funerariaconceptochile.cl\/es\/wp-json\/wp\/v2\/media\/9460"}],"wp:attachment":[{"href":"https:\/\/funerariaconceptochile.cl\/es\/wp-json\/wp\/v2\/media?parent=9459"}],"wp:term":[{"taxonomy":"category","embeddable":true,"href":"https:\/\/funerariaconceptochile.cl\/es\/wp-json\/wp\/v2\/categories?post=9459"},{"taxonomy":"post_tag","embeddable":true,"href":"https:\/\/funerariaconceptochile.cl\/es\/wp-json\/wp\/v2\/tags?post=9459"}],"curies":[{"name":"wp","href":"https:\/\/api.w.org\/{rel}","templated":true}]}}