{"id":8244,"date":"2024-01-09T09:58:16","date_gmt":"2024-01-09T13:58:16","guid":{"rendered":"https:\/\/funerariaconceptochile.cl\/?p=8244"},"modified":"2024-01-09T09:58:16","modified_gmt":"2024-01-09T13:58:16","slug":"fresia-del-carmen-pinilla-pinilla","status":"publish","type":"post","link":"https:\/\/funerariaconceptochile.cl\/es\/obituarios\/fresia-del-carmen-pinilla-pinilla\/","title":{"rendered":"Fresia Del Carmen Pinilla Pinilla"},"content":{"rendered":"<p>&nbsp;<\/p>\n<p><strong>28\/12\/1938 \u2013 07\/01\/2024<\/strong><\/p>\n<p>Confiamos que el recuerdo de un ser querido se mantendr\u00e1 siempre presente en sus corazones. En Funeraria concepto, tenemos el prop\u00f3sito de acompa\u00f1arlos en el homenaje para dignificar la vida en un momento que trasciende, para esto los invitamos a expresar sus condolencias.<\/p>\n<p><strong>Tarjeta de servicio<\/strong><\/p>\n<p><strong>Lugar o sala velatorio:<\/strong>\u00a0Domicilio familiar<\/p>\n<p><strong>Direcci\u00f3n:<\/strong> Hijuela El Pe\u00f1asco KM 36 Sector Los Molimos<\/p>\n<p><strong>Lugar Responso:<\/strong>\u00a0Por confirmar<\/p>\n<p><strong>Fecha y hora de inicio:<\/strong>\u00a0Por confirmar<\/p>\n<p><strong>Direcci\u00f3n:<\/strong>\u00a0Por confirmar<\/p>\n<p><strong>Lugar Funeral:<\/strong>\u00a0Cementerio de Pedregal<\/p>\n<p><strong>Fecha y hora funeral:<\/strong> 09-01-2024 12.00 horas<\/p>\n<p><strong>Direcci\u00f3n Funeral:\u00a0<\/strong>Cementerio Pedregall, Los \u00c1ngeles<\/p>","protected":false},"excerpt":{"rendered":"<p>&nbsp; 28\/12\/1938 \u2013 07\/01\/2024 Confiamos que el recuerdo de un ser querido se mantendr\u00e1 siempre presente en sus corazones. En<\/p>","protected":false},"author":5,"featured_media":0,"comment_status":"open","ping_status":"open","sticky":false,"template":"","format":"standard","meta":{"footnotes":""},"categories":[1],"tags":[],"class_list":["post-8244","post","type-post","status-publish","format-standard","hentry","category-o"],"yoast_head":"<!-- This site is optimized with the Yoast SEO plugin v27.5 - https:\/\/yoast.com\/product\/yoast-seo-wordpress\/ -->\n<title>Fresia Del Carmen Pinilla Pinilla - Funeraria Concepto<\/title>\n<meta name=\"robots\" content=\"index, follow, max-snippet:-1, max-image-preview:large, max-video-preview:-1\" \/>\n<link rel=\"canonical\" href=\"https:\/\/funerariaconceptochile.cl\/es\/obituarios\/fresia-del-carmen-pinilla-pinilla\/\" \/>\n<meta property=\"og:locale\" content=\"es_ES\" \/>\n<meta property=\"og:type\" content=\"article\" \/>\n<meta property=\"og:title\" content=\"Fresia Del Carmen Pinilla Pinilla - Funeraria Concepto\" \/>\n<meta property=\"og:description\" content=\"&nbsp; 28\/12\/1938 \u2013 07\/01\/2024 Confiamos que el recuerdo de un ser querido se mantendr\u00e1 siempre presente en sus corazones. En\" \/>\n<meta property=\"og:url\" content=\"https:\/\/funerariaconceptochile.cl\/es\/obituarios\/fresia-del-carmen-pinilla-pinilla\/\" \/>\n<meta property=\"og:site_name\" content=\"Funeraria Concepto\" \/>\n<meta property=\"article:published_time\" content=\"2024-01-09T13:58:16+00:00\" \/>\n<meta name=\"author\" content=\"Obiturarios Concepto\" \/>\n<meta name=\"twitter:card\" content=\"summary_large_image\" \/>\n<meta name=\"twitter:label1\" content=\"Escrito por\" \/>\n\t<meta name=\"twitter:data1\" content=\"\" \/>\n\t<meta name=\"twitter:label2\" content=\"Tiempo de lectura\" \/>\n\t<meta name=\"twitter:data2\" content=\"1 minuto\" \/>\n<script type=\"application\/ld+json\" class=\"yoast-schema-graph\">{\"@context\":\"https:\\\/\\\/schema.org\",\"@graph\":[{\"@type\":\"Article\",\"@id\":\"https:\\\/\\\/funerariaconceptochile.cl\\\/obituarios\\\/fresia-del-carmen-pinilla-pinilla\\\/#article\",\"isPartOf\":{\"@id\":\"https:\\\/\\\/funerariaconceptochile.cl\\\/obituarios\\\/fresia-del-carmen-pinilla-pinilla\\\/\"},\"author\":{\"name\":\"Obiturarios Concepto\",\"@id\":\"https:\\\/\\\/funerariaconceptochile.cl\\\/#\\\/schema\\\/person\\\/778cdec708f417d049efb7a785538d7f\"},\"headline\":\"Fresia Del Carmen Pinilla Pinilla\",\"datePublished\":\"2024-01-09T13:58:16+00:00\",\"mainEntityOfPage\":{\"@id\":\"https:\\\/\\\/funerariaconceptochile.cl\\\/obituarios\\\/fresia-del-carmen-pinilla-pinilla\\\/\"},\"wordCount\":104,\"commentCount\":0,\"articleSection\":[\"Obituario\"],\"inLanguage\":\"es\",\"potentialAction\":[{\"@type\":\"CommentAction\",\"name\":\"Comment\",\"target\":[\"https:\\\/\\\/funerariaconceptochile.cl\\\/obituarios\\\/fresia-del-carmen-pinilla-pinilla\\\/#respond\"]}]},{\"@type\":\"WebPage\",\"@id\":\"https:\\\/\\\/funerariaconceptochile.cl\\\/obituarios\\\/fresia-del-carmen-pinilla-pinilla\\\/\",\"url\":\"https:\\\/\\\/funerariaconceptochile.cl\\\/obituarios\\\/fresia-del-carmen-pinilla-pinilla\\\/\",\"name\":\"Fresia Del Carmen Pinilla Pinilla - Funeraria Concepto\",\"isPartOf\":{\"@id\":\"https:\\\/\\\/funerariaconceptochile.cl\\\/#website\"},\"datePublished\":\"2024-01-09T13:58:16+00:00\",\"author\":{\"@id\":\"https:\\\/\\\/funerariaconceptochile.cl\\\/#\\\/schema\\\/person\\\/778cdec708f417d049efb7a785538d7f\"},\"breadcrumb\":{\"@id\":\"https:\\\/\\\/funerariaconceptochile.cl\\\/obituarios\\\/fresia-del-carmen-pinilla-pinilla\\\/#breadcrumb\"},\"inLanguage\":\"es\",\"potentialAction\":[{\"@type\":\"ReadAction\",\"target\":[\"https:\\\/\\\/funerariaconceptochile.cl\\\/obituarios\\\/fresia-del-carmen-pinilla-pinilla\\\/\"]}]},{\"@type\":\"BreadcrumbList\",\"@id\":\"https:\\\/\\\/funerariaconceptochile.cl\\\/obituarios\\\/fresia-del-carmen-pinilla-pinilla\\\/#breadcrumb\",\"itemListElement\":[{\"@type\":\"ListItem\",\"position\":1,\"name\":\"Portada\",\"item\":\"https:\\\/\\\/funerariaconceptochile.cl\\\/\"},{\"@type\":\"ListItem\",\"position\":2,\"name\":\"Fresia Del Carmen Pinilla Pinilla\"}]},{\"@type\":\"WebSite\",\"@id\":\"https:\\\/\\\/funerariaconceptochile.cl\\\/#website\",\"url\":\"https:\\\/\\\/funerariaconceptochile.cl\\\/\",\"name\":\"Funeraria Concepto\",\"description\":\"\",\"potentialAction\":[{\"@type\":\"SearchAction\",\"target\":{\"@type\":\"EntryPoint\",\"urlTemplate\":\"https:\\\/\\\/funerariaconceptochile.cl\\\/?s={search_term_string}\"},\"query-input\":{\"@type\":\"PropertyValueSpecification\",\"valueRequired\":true,\"valueName\":\"search_term_string\"}}],\"inLanguage\":\"es\"},{\"@type\":\"Person\",\"@id\":\"https:\\\/\\\/funerariaconceptochile.cl\\\/#\\\/schema\\\/person\\\/778cdec708f417d049efb7a785538d7f\",\"name\":\"Obiturarios Concepto\",\"url\":\"https:\\\/\\\/funerariaconceptochile.cl\\\/es\\\/obituarios\\\/author\\\/obituarios\\\/\"}]}<\/script>\n<!-- \/ Yoast SEO plugin. -->","yoast_head_json":{"title":"Fresia Del Carmen Pinilla Pinilla - Funeraria Concepto","robots":{"index":"index","follow":"follow","max-snippet":"max-snippet:-1","max-image-preview":"max-image-preview:large","max-video-preview":"max-video-preview:-1"},"canonical":"https:\/\/funerariaconceptochile.cl\/es\/obituarios\/fresia-del-carmen-pinilla-pinilla\/","og_locale":"es_ES","og_type":"article","og_title":"Fresia Del Carmen Pinilla Pinilla - Funeraria Concepto","og_description":"&nbsp; 28\/12\/1938 \u2013 07\/01\/2024 Confiamos que el recuerdo de un ser querido se mantendr\u00e1 siempre presente en sus corazones. En","og_url":"https:\/\/funerariaconceptochile.cl\/es\/obituarios\/fresia-del-carmen-pinilla-pinilla\/","og_site_name":"Funeraria Concepto","article_published_time":"2024-01-09T13:58:16+00:00","author":"Obiturarios Concepto","twitter_card":"summary_large_image","twitter_misc":{"Escrito por":false,"Tiempo de lectura":"1 minuto"},"schema":{"@context":"https:\/\/schema.org","@graph":[{"@type":"Article","@id":"https:\/\/funerariaconceptochile.cl\/obituarios\/fresia-del-carmen-pinilla-pinilla\/#article","isPartOf":{"@id":"https:\/\/funerariaconceptochile.cl\/obituarios\/fresia-del-carmen-pinilla-pinilla\/"},"author":{"name":"Obiturarios Concepto","@id":"https:\/\/funerariaconceptochile.cl\/#\/schema\/person\/778cdec708f417d049efb7a785538d7f"},"headline":"Fresia Del Carmen Pinilla Pinilla","datePublished":"2024-01-09T13:58:16+00:00","mainEntityOfPage":{"@id":"https:\/\/funerariaconceptochile.cl\/obituarios\/fresia-del-carmen-pinilla-pinilla\/"},"wordCount":104,"commentCount":0,"articleSection":["Obituario"],"inLanguage":"es","potentialAction":[{"@type":"CommentAction","name":"Comment","target":["https:\/\/funerariaconceptochile.cl\/obituarios\/fresia-del-carmen-pinilla-pinilla\/#respond"]}]},{"@type":"WebPage","@id":"https:\/\/funerariaconceptochile.cl\/obituarios\/fresia-del-carmen-pinilla-pinilla\/","url":"https:\/\/funerariaconceptochile.cl\/obituarios\/fresia-del-carmen-pinilla-pinilla\/","name":"Fresia Del Carmen Pinilla Pinilla - Funeraria Concepto","isPartOf":{"@id":"https:\/\/funerariaconceptochile.cl\/#website"},"datePublished":"2024-01-09T13:58:16+00:00","author":{"@id":"https:\/\/funerariaconceptochile.cl\/#\/schema\/person\/778cdec708f417d049efb7a785538d7f"},"breadcrumb":{"@id":"https:\/\/funerariaconceptochile.cl\/obituarios\/fresia-del-carmen-pinilla-pinilla\/#breadcrumb"},"inLanguage":"es","potentialAction":[{"@type":"ReadAction","target":["https:\/\/funerariaconceptochile.cl\/obituarios\/fresia-del-carmen-pinilla-pinilla\/"]}]},{"@type":"BreadcrumbList","@id":"https:\/\/funerariaconceptochile.cl\/obituarios\/fresia-del-carmen-pinilla-pinilla\/#breadcrumb","itemListElement":[{"@type":"ListItem","position":1,"name":"Portada","item":"https:\/\/funerariaconceptochile.cl\/"},{"@type":"ListItem","position":2,"name":"Fresia Del Carmen Pinilla Pinilla"}]},{"@type":"WebSite","@id":"https:\/\/funerariaconceptochile.cl\/#website","url":"https:\/\/funerariaconceptochile.cl\/","name":"Funeraria Concepto","description":"","potentialAction":[{"@type":"SearchAction","target":{"@type":"EntryPoint","urlTemplate":"https:\/\/funerariaconceptochile.cl\/?s={search_term_string}"},"query-input":{"@type":"PropertyValueSpecification","valueRequired":true,"valueName":"search_term_string"}}],"inLanguage":"es"},{"@type":"Person","@id":"https:\/\/funerariaconceptochile.cl\/#\/schema\/person\/778cdec708f417d049efb7a785538d7f","name":"Obiturarios Concepto","url":"https:\/\/funerariaconceptochile.cl\/es\/obituarios\/author\/obituarios\/"}]}},"_links":{"self":[{"href":"https:\/\/funerariaconceptochile.cl\/es\/wp-json\/wp\/v2\/posts\/8244","targetHints":{"allow":["GET"]}}],"collection":[{"href":"https:\/\/funerariaconceptochile.cl\/es\/wp-json\/wp\/v2\/posts"}],"about":[{"href":"https:\/\/funerariaconceptochile.cl\/es\/wp-json\/wp\/v2\/types\/post"}],"author":[{"embeddable":true,"href":"https:\/\/funerariaconceptochile.cl\/es\/wp-json\/wp\/v2\/users\/5"}],"replies":[{"embeddable":true,"href":"https:\/\/funerariaconceptochile.cl\/es\/wp-json\/wp\/v2\/comments?post=8244"}],"version-history":[{"count":2,"href":"https:\/\/funerariaconceptochile.cl\/es\/wp-json\/wp\/v2\/posts\/8244\/revisions"}],"predecessor-version":[{"id":8255,"href":"https:\/\/funerariaconceptochile.cl\/es\/wp-json\/wp\/v2\/posts\/8244\/revisions\/8255"}],"wp:attachment":[{"href":"https:\/\/funerariaconceptochile.cl\/es\/wp-json\/wp\/v2\/media?parent=8244"}],"wp:term":[{"taxonomy":"category","embeddable":true,"href":"https:\/\/funerariaconceptochile.cl\/es\/wp-json\/wp\/v2\/categories?post=8244"},{"taxonomy":"post_tag","embeddable":true,"href":"https:\/\/funerariaconceptochile.cl\/es\/wp-json\/wp\/v2\/tags?post=8244"}],"curies":[{"name":"wp","href":"https:\/\/api.w.org\/{rel}","templated":true}]}}