{"id":8109,"date":"2023-11-14T21:53:38","date_gmt":"2023-11-15T01:53:38","guid":{"rendered":"https:\/\/funerariaconceptochile.cl\/?p=8109"},"modified":"2023-11-14T21:56:40","modified_gmt":"2023-11-15T01:56:40","slug":"hector-aguila-altamirano","status":"publish","type":"post","link":"https:\/\/funerariaconceptochile.cl\/es\/obituarios\/hector-aguila-altamirano\/","title":{"rendered":"H\u00c9CTOR AGUILA ALTAMIRANO"},"content":{"rendered":"<p>&nbsp;<\/p>\n<p>&nbsp;<\/p>\n<p style=\"text-align: center\"><strong><img loading=\"lazy\" decoding=\"async\" class=\"size-full wp-image-8110 aligncenter\" src=\"https:\/\/funerariaconceptochile.cl\/wp-content\/uploads\/2023\/11\/obituario-web.jpg\" alt=\"\" width=\"200\" height=\"300\" srcset=\"https:\/\/funerariaconceptochile.cl\/wp-content\/uploads\/2023\/11\/obituario-web.jpg 200w, https:\/\/funerariaconceptochile.cl\/wp-content\/uploads\/2023\/11\/obituario-web-150x225.jpg 150w\" sizes=\"auto, (max-width: 200px) 100vw, 200px\" \/><\/strong><\/p>\n<p style=\"text-align: center\"><strong>25\/04\/1932 \u2013 14\/11\/2023<\/strong><\/p>\n<p style=\"text-align: center\">Confiamos que el recuerdo de un ser querido se mantendr\u00e1 siempre presente en sus corazones. En Funeraria concepto, tenemos el prop\u00f3sito de acompa\u00f1arlos en el homenaje para dignificar la vida en un momento que trasciende, para esto los invitamos a expresar sus condolencias.<\/p>\n<p style=\"text-align: center\"><strong>Tarjeta de servicio<\/strong><\/p>\n<p style=\"text-align: center\"><strong>Lugar o sala velatorio:<\/strong> Iglesia Buen Pastor.<\/p>\n<p style=\"text-align: center\"><strong>Direcci\u00f3n:<\/strong> Calle Eleuterio Ramirez 340, Los \u00c1ngeles.<\/p>\n<p style=\"text-align: center\"><strong>Lugar Responso:<\/strong> Iglesia Buen Pastor.<\/p>\n<p style=\"text-align: center\"><strong>Fecha y hora de inicio:<\/strong> Por confirmar.<\/p>\n<p style=\"text-align: center\"><strong>Direcci\u00f3n:<\/strong> Calle Eleuterio Ramirez 340, Los \u00c1ngeles.<\/p>\n<p style=\"text-align: center\"><strong>Lugar Funeral:<\/strong> Cementerio Parque Santa Mar\u00eda.<\/p>\n<p style=\"text-align: center\"><strong>Fecha y hora funeral:<\/strong> 16 de Noviembre 2023; 11.00 Hrs.<\/p>\n<p style=\"text-align: center\"><strong>Direcci\u00f3n Funeral: <\/strong>Salida Norte a ruta 5 Sur S\/N, Los \u00c1ngeles.<\/p>","protected":false},"excerpt":{"rendered":"<p>&nbsp; &nbsp; 25\/04\/1932 \u2013 14\/11\/2023 Confiamos que el recuerdo de un ser querido se mantendr\u00e1 siempre presente en sus corazones.<\/p>","protected":false},"author":5,"featured_media":8110,"comment_status":"open","ping_status":"open","sticky":false,"template":"","format":"standard","meta":{"footnotes":""},"categories":[1],"tags":[],"class_list":["post-8109","post","type-post","status-publish","format-standard","has-post-thumbnail","hentry","category-o"],"yoast_head":"<!-- This site is optimized with the Yoast SEO plugin v27.5 - https:\/\/yoast.com\/product\/yoast-seo-wordpress\/ -->\n<title>H\u00c9CTOR AGUILA ALTAMIRANO - Funeraria Concepto<\/title>\n<meta name=\"robots\" content=\"index, follow, max-snippet:-1, max-image-preview:large, max-video-preview:-1\" \/>\n<link rel=\"canonical\" href=\"https:\/\/funerariaconceptochile.cl\/es\/obituarios\/hector-aguila-altamirano\/\" \/>\n<meta property=\"og:locale\" content=\"es_ES\" \/>\n<meta property=\"og:type\" content=\"article\" \/>\n<meta property=\"og:title\" content=\"H\u00c9CTOR AGUILA ALTAMIRANO - Funeraria Concepto\" \/>\n<meta property=\"og:description\" content=\"&nbsp; &nbsp; 25\/04\/1932 \u2013 14\/11\/2023 Confiamos que el recuerdo de un ser querido se mantendr\u00e1 siempre presente en sus corazones.\" \/>\n<meta property=\"og:url\" content=\"https:\/\/funerariaconceptochile.cl\/es\/obituarios\/hector-aguila-altamirano\/\" \/>\n<meta property=\"og:site_name\" content=\"Funeraria Concepto\" \/>\n<meta property=\"article:published_time\" content=\"2023-11-15T01:53:38+00:00\" \/>\n<meta property=\"article:modified_time\" content=\"2023-11-15T01:56:40+00:00\" \/>\n<meta property=\"og:image\" content=\"https:\/\/funerariaconceptochile.cl\/wp-content\/uploads\/2023\/11\/obituario-web.jpg\" \/>\n\t<meta property=\"og:image:width\" content=\"200\" \/>\n\t<meta property=\"og:image:height\" content=\"300\" \/>\n\t<meta property=\"og:image:type\" content=\"image\/jpeg\" \/>\n<meta name=\"author\" content=\"Obiturarios Concepto\" \/>\n<meta name=\"twitter:card\" content=\"summary_large_image\" \/>\n<meta name=\"twitter:label1\" content=\"Escrito por\" \/>\n\t<meta name=\"twitter:data1\" content=\"\" \/>\n\t<meta name=\"twitter:label2\" content=\"Tiempo de lectura\" \/>\n\t<meta name=\"twitter:data2\" content=\"1 minuto\" \/>\n<script type=\"application\/ld+json\" class=\"yoast-schema-graph\">{\"@context\":\"https:\\\/\\\/schema.org\",\"@graph\":[{\"@type\":\"Article\",\"@id\":\"https:\\\/\\\/funerariaconceptochile.cl\\\/obituarios\\\/hector-aguila-altamirano\\\/#article\",\"isPartOf\":{\"@id\":\"https:\\\/\\\/funerariaconceptochile.cl\\\/obituarios\\\/hector-aguila-altamirano\\\/\"},\"author\":{\"name\":\"Obiturarios Concepto\",\"@id\":\"https:\\\/\\\/funerariaconceptochile.cl\\\/#\\\/schema\\\/person\\\/778cdec708f417d049efb7a785538d7f\"},\"headline\":\"H\u00c9CTOR AGUILA ALTAMIRANO\",\"datePublished\":\"2023-11-15T01:53:38+00:00\",\"dateModified\":\"2023-11-15T01:56:40+00:00\",\"mainEntityOfPage\":{\"@id\":\"https:\\\/\\\/funerariaconceptochile.cl\\\/obituarios\\\/hector-aguila-altamirano\\\/\"},\"wordCount\":113,\"commentCount\":0,\"image\":{\"@id\":\"https:\\\/\\\/funerariaconceptochile.cl\\\/obituarios\\\/hector-aguila-altamirano\\\/#primaryimage\"},\"thumbnailUrl\":\"https:\\\/\\\/funerariaconceptochile.cl\\\/wp-content\\\/uploads\\\/2023\\\/11\\\/obituario-web.jpg\",\"articleSection\":[\"Obituario\"],\"inLanguage\":\"es\",\"potentialAction\":[{\"@type\":\"CommentAction\",\"name\":\"Comment\",\"target\":[\"https:\\\/\\\/funerariaconceptochile.cl\\\/obituarios\\\/hector-aguila-altamirano\\\/#respond\"]}]},{\"@type\":\"WebPage\",\"@id\":\"https:\\\/\\\/funerariaconceptochile.cl\\\/obituarios\\\/hector-aguila-altamirano\\\/\",\"url\":\"https:\\\/\\\/funerariaconceptochile.cl\\\/obituarios\\\/hector-aguila-altamirano\\\/\",\"name\":\"H\u00c9CTOR AGUILA ALTAMIRANO - Funeraria Concepto\",\"isPartOf\":{\"@id\":\"https:\\\/\\\/funerariaconceptochile.cl\\\/#website\"},\"primaryImageOfPage\":{\"@id\":\"https:\\\/\\\/funerariaconceptochile.cl\\\/obituarios\\\/hector-aguila-altamirano\\\/#primaryimage\"},\"image\":{\"@id\":\"https:\\\/\\\/funerariaconceptochile.cl\\\/obituarios\\\/hector-aguila-altamirano\\\/#primaryimage\"},\"thumbnailUrl\":\"https:\\\/\\\/funerariaconceptochile.cl\\\/wp-content\\\/uploads\\\/2023\\\/11\\\/obituario-web.jpg\",\"datePublished\":\"2023-11-15T01:53:38+00:00\",\"dateModified\":\"2023-11-15T01:56:40+00:00\",\"author\":{\"@id\":\"https:\\\/\\\/funerariaconceptochile.cl\\\/#\\\/schema\\\/person\\\/778cdec708f417d049efb7a785538d7f\"},\"breadcrumb\":{\"@id\":\"https:\\\/\\\/funerariaconceptochile.cl\\\/obituarios\\\/hector-aguila-altamirano\\\/#breadcrumb\"},\"inLanguage\":\"es\",\"potentialAction\":[{\"@type\":\"ReadAction\",\"target\":[\"https:\\\/\\\/funerariaconceptochile.cl\\\/obituarios\\\/hector-aguila-altamirano\\\/\"]}]},{\"@type\":\"ImageObject\",\"inLanguage\":\"es\",\"@id\":\"https:\\\/\\\/funerariaconceptochile.cl\\\/obituarios\\\/hector-aguila-altamirano\\\/#primaryimage\",\"url\":\"https:\\\/\\\/funerariaconceptochile.cl\\\/wp-content\\\/uploads\\\/2023\\\/11\\\/obituario-web.jpg\",\"contentUrl\":\"https:\\\/\\\/funerariaconceptochile.cl\\\/wp-content\\\/uploads\\\/2023\\\/11\\\/obituario-web.jpg\",\"width\":200,\"height\":300},{\"@type\":\"BreadcrumbList\",\"@id\":\"https:\\\/\\\/funerariaconceptochile.cl\\\/obituarios\\\/hector-aguila-altamirano\\\/#breadcrumb\",\"itemListElement\":[{\"@type\":\"ListItem\",\"position\":1,\"name\":\"Portada\",\"item\":\"https:\\\/\\\/funerariaconceptochile.cl\\\/\"},{\"@type\":\"ListItem\",\"position\":2,\"name\":\"H\u00c9CTOR AGUILA ALTAMIRANO\"}]},{\"@type\":\"WebSite\",\"@id\":\"https:\\\/\\\/funerariaconceptochile.cl\\\/#website\",\"url\":\"https:\\\/\\\/funerariaconceptochile.cl\\\/\",\"name\":\"Funeraria Concepto\",\"description\":\"\",\"potentialAction\":[{\"@type\":\"SearchAction\",\"target\":{\"@type\":\"EntryPoint\",\"urlTemplate\":\"https:\\\/\\\/funerariaconceptochile.cl\\\/?s={search_term_string}\"},\"query-input\":{\"@type\":\"PropertyValueSpecification\",\"valueRequired\":true,\"valueName\":\"search_term_string\"}}],\"inLanguage\":\"es\"},{\"@type\":\"Person\",\"@id\":\"https:\\\/\\\/funerariaconceptochile.cl\\\/#\\\/schema\\\/person\\\/778cdec708f417d049efb7a785538d7f\",\"name\":\"Obiturarios Concepto\",\"url\":\"https:\\\/\\\/funerariaconceptochile.cl\\\/es\\\/obituarios\\\/author\\\/obituarios\\\/\"}]}<\/script>\n<!-- \/ Yoast SEO plugin. -->","yoast_head_json":{"title":"H\u00c9CTOR AGUILA ALTAMIRANO - Funeraria Concepto","robots":{"index":"index","follow":"follow","max-snippet":"max-snippet:-1","max-image-preview":"max-image-preview:large","max-video-preview":"max-video-preview:-1"},"canonical":"https:\/\/funerariaconceptochile.cl\/es\/obituarios\/hector-aguila-altamirano\/","og_locale":"es_ES","og_type":"article","og_title":"H\u00c9CTOR AGUILA ALTAMIRANO - Funeraria Concepto","og_description":"&nbsp; &nbsp; 25\/04\/1932 \u2013 14\/11\/2023 Confiamos que el recuerdo de un ser querido se mantendr\u00e1 siempre presente en sus corazones.","og_url":"https:\/\/funerariaconceptochile.cl\/es\/obituarios\/hector-aguila-altamirano\/","og_site_name":"Funeraria Concepto","article_published_time":"2023-11-15T01:53:38+00:00","article_modified_time":"2023-11-15T01:56:40+00:00","og_image":[{"width":200,"height":300,"url":"https:\/\/funerariaconceptochile.cl\/wp-content\/uploads\/2023\/11\/obituario-web.jpg","type":"image\/jpeg"}],"author":"Obiturarios Concepto","twitter_card":"summary_large_image","twitter_misc":{"Escrito por":false,"Tiempo de lectura":"1 minuto"},"schema":{"@context":"https:\/\/schema.org","@graph":[{"@type":"Article","@id":"https:\/\/funerariaconceptochile.cl\/obituarios\/hector-aguila-altamirano\/#article","isPartOf":{"@id":"https:\/\/funerariaconceptochile.cl\/obituarios\/hector-aguila-altamirano\/"},"author":{"name":"Obiturarios Concepto","@id":"https:\/\/funerariaconceptochile.cl\/#\/schema\/person\/778cdec708f417d049efb7a785538d7f"},"headline":"H\u00c9CTOR AGUILA ALTAMIRANO","datePublished":"2023-11-15T01:53:38+00:00","dateModified":"2023-11-15T01:56:40+00:00","mainEntityOfPage":{"@id":"https:\/\/funerariaconceptochile.cl\/obituarios\/hector-aguila-altamirano\/"},"wordCount":113,"commentCount":0,"image":{"@id":"https:\/\/funerariaconceptochile.cl\/obituarios\/hector-aguila-altamirano\/#primaryimage"},"thumbnailUrl":"https:\/\/funerariaconceptochile.cl\/wp-content\/uploads\/2023\/11\/obituario-web.jpg","articleSection":["Obituario"],"inLanguage":"es","potentialAction":[{"@type":"CommentAction","name":"Comment","target":["https:\/\/funerariaconceptochile.cl\/obituarios\/hector-aguila-altamirano\/#respond"]}]},{"@type":"WebPage","@id":"https:\/\/funerariaconceptochile.cl\/obituarios\/hector-aguila-altamirano\/","url":"https:\/\/funerariaconceptochile.cl\/obituarios\/hector-aguila-altamirano\/","name":"H\u00c9CTOR AGUILA ALTAMIRANO - Funeraria Concepto","isPartOf":{"@id":"https:\/\/funerariaconceptochile.cl\/#website"},"primaryImageOfPage":{"@id":"https:\/\/funerariaconceptochile.cl\/obituarios\/hector-aguila-altamirano\/#primaryimage"},"image":{"@id":"https:\/\/funerariaconceptochile.cl\/obituarios\/hector-aguila-altamirano\/#primaryimage"},"thumbnailUrl":"https:\/\/funerariaconceptochile.cl\/wp-content\/uploads\/2023\/11\/obituario-web.jpg","datePublished":"2023-11-15T01:53:38+00:00","dateModified":"2023-11-15T01:56:40+00:00","author":{"@id":"https:\/\/funerariaconceptochile.cl\/#\/schema\/person\/778cdec708f417d049efb7a785538d7f"},"breadcrumb":{"@id":"https:\/\/funerariaconceptochile.cl\/obituarios\/hector-aguila-altamirano\/#breadcrumb"},"inLanguage":"es","potentialAction":[{"@type":"ReadAction","target":["https:\/\/funerariaconceptochile.cl\/obituarios\/hector-aguila-altamirano\/"]}]},{"@type":"ImageObject","inLanguage":"es","@id":"https:\/\/funerariaconceptochile.cl\/obituarios\/hector-aguila-altamirano\/#primaryimage","url":"https:\/\/funerariaconceptochile.cl\/wp-content\/uploads\/2023\/11\/obituario-web.jpg","contentUrl":"https:\/\/funerariaconceptochile.cl\/wp-content\/uploads\/2023\/11\/obituario-web.jpg","width":200,"height":300},{"@type":"BreadcrumbList","@id":"https:\/\/funerariaconceptochile.cl\/obituarios\/hector-aguila-altamirano\/#breadcrumb","itemListElement":[{"@type":"ListItem","position":1,"name":"Portada","item":"https:\/\/funerariaconceptochile.cl\/"},{"@type":"ListItem","position":2,"name":"H\u00c9CTOR AGUILA ALTAMIRANO"}]},{"@type":"WebSite","@id":"https:\/\/funerariaconceptochile.cl\/#website","url":"https:\/\/funerariaconceptochile.cl\/","name":"Funeraria Concepto","description":"","potentialAction":[{"@type":"SearchAction","target":{"@type":"EntryPoint","urlTemplate":"https:\/\/funerariaconceptochile.cl\/?s={search_term_string}"},"query-input":{"@type":"PropertyValueSpecification","valueRequired":true,"valueName":"search_term_string"}}],"inLanguage":"es"},{"@type":"Person","@id":"https:\/\/funerariaconceptochile.cl\/#\/schema\/person\/778cdec708f417d049efb7a785538d7f","name":"Obiturarios Concepto","url":"https:\/\/funerariaconceptochile.cl\/es\/obituarios\/author\/obituarios\/"}]}},"_links":{"self":[{"href":"https:\/\/funerariaconceptochile.cl\/es\/wp-json\/wp\/v2\/posts\/8109","targetHints":{"allow":["GET"]}}],"collection":[{"href":"https:\/\/funerariaconceptochile.cl\/es\/wp-json\/wp\/v2\/posts"}],"about":[{"href":"https:\/\/funerariaconceptochile.cl\/es\/wp-json\/wp\/v2\/types\/post"}],"author":[{"embeddable":true,"href":"https:\/\/funerariaconceptochile.cl\/es\/wp-json\/wp\/v2\/users\/5"}],"replies":[{"embeddable":true,"href":"https:\/\/funerariaconceptochile.cl\/es\/wp-json\/wp\/v2\/comments?post=8109"}],"version-history":[{"count":3,"href":"https:\/\/funerariaconceptochile.cl\/es\/wp-json\/wp\/v2\/posts\/8109\/revisions"}],"predecessor-version":[{"id":8114,"href":"https:\/\/funerariaconceptochile.cl\/es\/wp-json\/wp\/v2\/posts\/8109\/revisions\/8114"}],"wp:featuredmedia":[{"embeddable":true,"href":"https:\/\/funerariaconceptochile.cl\/es\/wp-json\/wp\/v2\/media\/8110"}],"wp:attachment":[{"href":"https:\/\/funerariaconceptochile.cl\/es\/wp-json\/wp\/v2\/media?parent=8109"}],"wp:term":[{"taxonomy":"category","embeddable":true,"href":"https:\/\/funerariaconceptochile.cl\/es\/wp-json\/wp\/v2\/categories?post=8109"},{"taxonomy":"post_tag","embeddable":true,"href":"https:\/\/funerariaconceptochile.cl\/es\/wp-json\/wp\/v2\/tags?post=8109"}],"curies":[{"name":"wp","href":"https:\/\/api.w.org\/{rel}","templated":true}]}}