{"id":8055,"date":"2023-10-27T09:48:39","date_gmt":"2023-10-27T13:48:39","guid":{"rendered":"https:\/\/funerariaconceptochile.cl\/?p=8055"},"modified":"2023-10-27T17:48:22","modified_gmt":"2023-10-27T21:48:22","slug":"carlos-roland-lansdkron-parada","status":"publish","type":"post","link":"https:\/\/funerariaconceptochile.cl\/es\/obituarios\/carlos-roland-lansdkron-parada\/","title":{"rendered":"Carlos Roland Lansdkron Parada"},"content":{"rendered":"<p><img loading=\"lazy\" decoding=\"async\" class=\"size-medium wp-image-8052 aligncenter\" src=\"https:\/\/funerariaconceptochile.cl\/wp-content\/uploads\/2023\/10\/WhatsApp-Image-2023-10-26-at-1.17.14-PM-192x300.jpeg\" alt=\"\" width=\"192\" height=\"300\" srcset=\"https:\/\/funerariaconceptochile.cl\/wp-content\/uploads\/2023\/10\/WhatsApp-Image-2023-10-26-at-1.17.14-PM-192x300.jpeg 192w, https:\/\/funerariaconceptochile.cl\/wp-content\/uploads\/2023\/10\/WhatsApp-Image-2023-10-26-at-1.17.14-PM-513x800.jpeg 513w, https:\/\/funerariaconceptochile.cl\/wp-content\/uploads\/2023\/10\/WhatsApp-Image-2023-10-26-at-1.17.14-PM-768x1198.jpeg 768w, https:\/\/funerariaconceptochile.cl\/wp-content\/uploads\/2023\/10\/WhatsApp-Image-2023-10-26-at-1.17.14-PM-985x1536.jpeg 985w, https:\/\/funerariaconceptochile.cl\/wp-content\/uploads\/2023\/10\/WhatsApp-Image-2023-10-26-at-1.17.14-PM-400x624.jpeg 400w, https:\/\/funerariaconceptochile.cl\/wp-content\/uploads\/2023\/10\/WhatsApp-Image-2023-10-26-at-1.17.14-PM-150x234.jpeg 150w, https:\/\/funerariaconceptochile.cl\/wp-content\/uploads\/2023\/10\/WhatsApp-Image-2023-10-26-at-1.17.14-PM.jpeg 1026w\" sizes=\"auto, (max-width: 192px) 100vw, 192px\" \/><\/p>\n<p style=\"text-align: center;\"><strong>24\/02\/1978 \u2013 21\/10\/2023<\/strong><\/p>\n<p style=\"text-align: center;\">Confiamos que el recuerdo de un ser querido se mantendr\u00e1 siempre presente en sus corazones. En Funeraria concepto, tenemos el prop\u00f3sito de acompa\u00f1arlos en el homenaje para dignificar la vida en un momento que trasciende, para esto los invitamos a expresar sus condolencias.<\/p>\n<p style=\"text-align: center;\"><strong>Tarjeta de servicio<\/strong><\/p>\n<p style=\"text-align: center;\"><strong>Lugar o sala velatorio:<\/strong> Iglesia Apost\u00f3lica<\/p>\n<p style=\"text-align: center;\"><strong>Direcci\u00f3n:<\/strong> Santiago Barrera 1318 Los \u00c1ngeles<\/p>\n<p style=\"text-align: center;\"><strong>Lugar Misa: Iglesia Apost\u00f3lica<\/strong><\/p>\n<p style=\"text-align: center;\"><strong>Fecha y hora de inicio:<\/strong> 12.00 horas<\/p>\n<p style=\"text-align: center;\"><strong>Direcci\u00f3n:<\/strong> Santiago Barrera 1318 Los \u00c1ngeles<\/p>\n<p style=\"text-align: center;\"><strong>Lugar Funeral:\u00a0<\/strong>Cementerio General de Loa \u00c1ngeles<\/p>\n<p style=\"text-align: center;\"><strong>Fecha y hora funeral:<\/strong> 13.oo horas<\/p>\n<p style=\"text-align: center;\"><strong>Direcci\u00f3n Funeral: Avenida : Avenida Gabriela Mistral\u00a0 <\/strong>S\/N, Los \u00c1ngeles<\/p>","protected":false},"excerpt":{"rendered":"<p>24\/02\/1978 \u2013 21\/10\/2023 Confiamos que el recuerdo de un ser querido se mantendr\u00e1 siempre presente en sus corazones. En Funeraria<\/p>","protected":false},"author":5,"featured_media":8052,"comment_status":"open","ping_status":"open","sticky":false,"template":"","format":"standard","meta":{"footnotes":""},"categories":[1],"tags":[],"class_list":["post-8055","post","type-post","status-publish","format-standard","has-post-thumbnail","hentry","category-o"],"yoast_head":"<!-- This site is optimized with the Yoast SEO plugin v27.5 - https:\/\/yoast.com\/product\/yoast-seo-wordpress\/ -->\n<title>Carlos Roland Lansdkron Parada - Funeraria Concepto<\/title>\n<meta name=\"robots\" content=\"index, follow, max-snippet:-1, max-image-preview:large, max-video-preview:-1\" \/>\n<link rel=\"canonical\" href=\"https:\/\/funerariaconceptochile.cl\/es\/obituarios\/carlos-roland-lansdkron-parada\/\" \/>\n<meta property=\"og:locale\" content=\"es_ES\" \/>\n<meta property=\"og:type\" content=\"article\" \/>\n<meta property=\"og:title\" content=\"Carlos Roland Lansdkron Parada - Funeraria Concepto\" \/>\n<meta property=\"og:description\" content=\"24\/02\/1978 \u2013 21\/10\/2023 Confiamos que el recuerdo de un ser querido se mantendr\u00e1 siempre presente en sus corazones. En Funeraria\" \/>\n<meta property=\"og:url\" content=\"https:\/\/funerariaconceptochile.cl\/es\/obituarios\/carlos-roland-lansdkron-parada\/\" \/>\n<meta property=\"og:site_name\" content=\"Funeraria Concepto\" \/>\n<meta property=\"article:published_time\" content=\"2023-10-27T13:48:39+00:00\" \/>\n<meta property=\"article:modified_time\" content=\"2023-10-27T21:48:22+00:00\" \/>\n<meta property=\"og:image\" content=\"https:\/\/funerariaconceptochile.cl\/wp-content\/uploads\/2023\/10\/WhatsApp-Image-2023-10-26-at-1.17.14-PM.jpeg\" \/>\n\t<meta property=\"og:image:width\" content=\"1026\" \/>\n\t<meta property=\"og:image:height\" content=\"1600\" \/>\n\t<meta property=\"og:image:type\" content=\"image\/jpeg\" \/>\n<meta name=\"author\" content=\"Obiturarios Concepto\" \/>\n<meta name=\"twitter:card\" content=\"summary_large_image\" \/>\n<meta name=\"twitter:label1\" content=\"Escrito por\" \/>\n\t<meta name=\"twitter:data1\" content=\"\" \/>\n\t<meta name=\"twitter:label2\" content=\"Tiempo de lectura\" \/>\n\t<meta name=\"twitter:data2\" content=\"1 minuto\" \/>\n<script type=\"application\/ld+json\" class=\"yoast-schema-graph\">{\"@context\":\"https:\\\/\\\/schema.org\",\"@graph\":[{\"@type\":\"Article\",\"@id\":\"https:\\\/\\\/funerariaconceptochile.cl\\\/obituarios\\\/carlos-roland-lansdkron-parada\\\/#article\",\"isPartOf\":{\"@id\":\"https:\\\/\\\/funerariaconceptochile.cl\\\/obituarios\\\/carlos-roland-lansdkron-parada\\\/\"},\"author\":{\"name\":\"Obiturarios Concepto\",\"@id\":\"https:\\\/\\\/funerariaconceptochile.cl\\\/#\\\/schema\\\/person\\\/778cdec708f417d049efb7a785538d7f\"},\"headline\":\"Carlos Roland Lansdkron Parada\",\"datePublished\":\"2023-10-27T13:48:39+00:00\",\"dateModified\":\"2023-10-27T21:48:22+00:00\",\"mainEntityOfPage\":{\"@id\":\"https:\\\/\\\/funerariaconceptochile.cl\\\/obituarios\\\/carlos-roland-lansdkron-parada\\\/\"},\"wordCount\":106,\"commentCount\":0,\"image\":{\"@id\":\"https:\\\/\\\/funerariaconceptochile.cl\\\/obituarios\\\/carlos-roland-lansdkron-parada\\\/#primaryimage\"},\"thumbnailUrl\":\"https:\\\/\\\/funerariaconceptochile.cl\\\/wp-content\\\/uploads\\\/2023\\\/10\\\/WhatsApp-Image-2023-10-26-at-1.17.14-PM.jpeg\",\"articleSection\":[\"Obituario\"],\"inLanguage\":\"es\",\"potentialAction\":[{\"@type\":\"CommentAction\",\"name\":\"Comment\",\"target\":[\"https:\\\/\\\/funerariaconceptochile.cl\\\/obituarios\\\/carlos-roland-lansdkron-parada\\\/#respond\"]}]},{\"@type\":\"WebPage\",\"@id\":\"https:\\\/\\\/funerariaconceptochile.cl\\\/obituarios\\\/carlos-roland-lansdkron-parada\\\/\",\"url\":\"https:\\\/\\\/funerariaconceptochile.cl\\\/obituarios\\\/carlos-roland-lansdkron-parada\\\/\",\"name\":\"Carlos Roland Lansdkron Parada - Funeraria Concepto\",\"isPartOf\":{\"@id\":\"https:\\\/\\\/funerariaconceptochile.cl\\\/#website\"},\"primaryImageOfPage\":{\"@id\":\"https:\\\/\\\/funerariaconceptochile.cl\\\/obituarios\\\/carlos-roland-lansdkron-parada\\\/#primaryimage\"},\"image\":{\"@id\":\"https:\\\/\\\/funerariaconceptochile.cl\\\/obituarios\\\/carlos-roland-lansdkron-parada\\\/#primaryimage\"},\"thumbnailUrl\":\"https:\\\/\\\/funerariaconceptochile.cl\\\/wp-content\\\/uploads\\\/2023\\\/10\\\/WhatsApp-Image-2023-10-26-at-1.17.14-PM.jpeg\",\"datePublished\":\"2023-10-27T13:48:39+00:00\",\"dateModified\":\"2023-10-27T21:48:22+00:00\",\"author\":{\"@id\":\"https:\\\/\\\/funerariaconceptochile.cl\\\/#\\\/schema\\\/person\\\/778cdec708f417d049efb7a785538d7f\"},\"breadcrumb\":{\"@id\":\"https:\\\/\\\/funerariaconceptochile.cl\\\/obituarios\\\/carlos-roland-lansdkron-parada\\\/#breadcrumb\"},\"inLanguage\":\"es\",\"potentialAction\":[{\"@type\":\"ReadAction\",\"target\":[\"https:\\\/\\\/funerariaconceptochile.cl\\\/obituarios\\\/carlos-roland-lansdkron-parada\\\/\"]}]},{\"@type\":\"ImageObject\",\"inLanguage\":\"es\",\"@id\":\"https:\\\/\\\/funerariaconceptochile.cl\\\/obituarios\\\/carlos-roland-lansdkron-parada\\\/#primaryimage\",\"url\":\"https:\\\/\\\/funerariaconceptochile.cl\\\/wp-content\\\/uploads\\\/2023\\\/10\\\/WhatsApp-Image-2023-10-26-at-1.17.14-PM.jpeg\",\"contentUrl\":\"https:\\\/\\\/funerariaconceptochile.cl\\\/wp-content\\\/uploads\\\/2023\\\/10\\\/WhatsApp-Image-2023-10-26-at-1.17.14-PM.jpeg\",\"width\":1026,\"height\":1600},{\"@type\":\"BreadcrumbList\",\"@id\":\"https:\\\/\\\/funerariaconceptochile.cl\\\/obituarios\\\/carlos-roland-lansdkron-parada\\\/#breadcrumb\",\"itemListElement\":[{\"@type\":\"ListItem\",\"position\":1,\"name\":\"Portada\",\"item\":\"https:\\\/\\\/funerariaconceptochile.cl\\\/\"},{\"@type\":\"ListItem\",\"position\":2,\"name\":\"Carlos Roland Lansdkron Parada\"}]},{\"@type\":\"WebSite\",\"@id\":\"https:\\\/\\\/funerariaconceptochile.cl\\\/#website\",\"url\":\"https:\\\/\\\/funerariaconceptochile.cl\\\/\",\"name\":\"Funeraria Concepto\",\"description\":\"\",\"potentialAction\":[{\"@type\":\"SearchAction\",\"target\":{\"@type\":\"EntryPoint\",\"urlTemplate\":\"https:\\\/\\\/funerariaconceptochile.cl\\\/?s={search_term_string}\"},\"query-input\":{\"@type\":\"PropertyValueSpecification\",\"valueRequired\":true,\"valueName\":\"search_term_string\"}}],\"inLanguage\":\"es\"},{\"@type\":\"Person\",\"@id\":\"https:\\\/\\\/funerariaconceptochile.cl\\\/#\\\/schema\\\/person\\\/778cdec708f417d049efb7a785538d7f\",\"name\":\"Obiturarios Concepto\",\"url\":\"https:\\\/\\\/funerariaconceptochile.cl\\\/es\\\/obituarios\\\/author\\\/obituarios\\\/\"}]}<\/script>\n<!-- \/ Yoast SEO plugin. -->","yoast_head_json":{"title":"Carlos Roland Lansdkron Parada - Funeraria Concepto","robots":{"index":"index","follow":"follow","max-snippet":"max-snippet:-1","max-image-preview":"max-image-preview:large","max-video-preview":"max-video-preview:-1"},"canonical":"https:\/\/funerariaconceptochile.cl\/es\/obituarios\/carlos-roland-lansdkron-parada\/","og_locale":"es_ES","og_type":"article","og_title":"Carlos Roland Lansdkron Parada - Funeraria Concepto","og_description":"24\/02\/1978 \u2013 21\/10\/2023 Confiamos que el recuerdo de un ser querido se mantendr\u00e1 siempre presente en sus corazones. En Funeraria","og_url":"https:\/\/funerariaconceptochile.cl\/es\/obituarios\/carlos-roland-lansdkron-parada\/","og_site_name":"Funeraria Concepto","article_published_time":"2023-10-27T13:48:39+00:00","article_modified_time":"2023-10-27T21:48:22+00:00","og_image":[{"width":1026,"height":1600,"url":"https:\/\/funerariaconceptochile.cl\/wp-content\/uploads\/2023\/10\/WhatsApp-Image-2023-10-26-at-1.17.14-PM.jpeg","type":"image\/jpeg"}],"author":"Obiturarios Concepto","twitter_card":"summary_large_image","twitter_misc":{"Escrito por":false,"Tiempo de lectura":"1 minuto"},"schema":{"@context":"https:\/\/schema.org","@graph":[{"@type":"Article","@id":"https:\/\/funerariaconceptochile.cl\/obituarios\/carlos-roland-lansdkron-parada\/#article","isPartOf":{"@id":"https:\/\/funerariaconceptochile.cl\/obituarios\/carlos-roland-lansdkron-parada\/"},"author":{"name":"Obiturarios Concepto","@id":"https:\/\/funerariaconceptochile.cl\/#\/schema\/person\/778cdec708f417d049efb7a785538d7f"},"headline":"Carlos Roland Lansdkron Parada","datePublished":"2023-10-27T13:48:39+00:00","dateModified":"2023-10-27T21:48:22+00:00","mainEntityOfPage":{"@id":"https:\/\/funerariaconceptochile.cl\/obituarios\/carlos-roland-lansdkron-parada\/"},"wordCount":106,"commentCount":0,"image":{"@id":"https:\/\/funerariaconceptochile.cl\/obituarios\/carlos-roland-lansdkron-parada\/#primaryimage"},"thumbnailUrl":"https:\/\/funerariaconceptochile.cl\/wp-content\/uploads\/2023\/10\/WhatsApp-Image-2023-10-26-at-1.17.14-PM.jpeg","articleSection":["Obituario"],"inLanguage":"es","potentialAction":[{"@type":"CommentAction","name":"Comment","target":["https:\/\/funerariaconceptochile.cl\/obituarios\/carlos-roland-lansdkron-parada\/#respond"]}]},{"@type":"WebPage","@id":"https:\/\/funerariaconceptochile.cl\/obituarios\/carlos-roland-lansdkron-parada\/","url":"https:\/\/funerariaconceptochile.cl\/obituarios\/carlos-roland-lansdkron-parada\/","name":"Carlos Roland Lansdkron Parada - Funeraria Concepto","isPartOf":{"@id":"https:\/\/funerariaconceptochile.cl\/#website"},"primaryImageOfPage":{"@id":"https:\/\/funerariaconceptochile.cl\/obituarios\/carlos-roland-lansdkron-parada\/#primaryimage"},"image":{"@id":"https:\/\/funerariaconceptochile.cl\/obituarios\/carlos-roland-lansdkron-parada\/#primaryimage"},"thumbnailUrl":"https:\/\/funerariaconceptochile.cl\/wp-content\/uploads\/2023\/10\/WhatsApp-Image-2023-10-26-at-1.17.14-PM.jpeg","datePublished":"2023-10-27T13:48:39+00:00","dateModified":"2023-10-27T21:48:22+00:00","author":{"@id":"https:\/\/funerariaconceptochile.cl\/#\/schema\/person\/778cdec708f417d049efb7a785538d7f"},"breadcrumb":{"@id":"https:\/\/funerariaconceptochile.cl\/obituarios\/carlos-roland-lansdkron-parada\/#breadcrumb"},"inLanguage":"es","potentialAction":[{"@type":"ReadAction","target":["https:\/\/funerariaconceptochile.cl\/obituarios\/carlos-roland-lansdkron-parada\/"]}]},{"@type":"ImageObject","inLanguage":"es","@id":"https:\/\/funerariaconceptochile.cl\/obituarios\/carlos-roland-lansdkron-parada\/#primaryimage","url":"https:\/\/funerariaconceptochile.cl\/wp-content\/uploads\/2023\/10\/WhatsApp-Image-2023-10-26-at-1.17.14-PM.jpeg","contentUrl":"https:\/\/funerariaconceptochile.cl\/wp-content\/uploads\/2023\/10\/WhatsApp-Image-2023-10-26-at-1.17.14-PM.jpeg","width":1026,"height":1600},{"@type":"BreadcrumbList","@id":"https:\/\/funerariaconceptochile.cl\/obituarios\/carlos-roland-lansdkron-parada\/#breadcrumb","itemListElement":[{"@type":"ListItem","position":1,"name":"Portada","item":"https:\/\/funerariaconceptochile.cl\/"},{"@type":"ListItem","position":2,"name":"Carlos Roland Lansdkron Parada"}]},{"@type":"WebSite","@id":"https:\/\/funerariaconceptochile.cl\/#website","url":"https:\/\/funerariaconceptochile.cl\/","name":"Funeraria Concepto","description":"","potentialAction":[{"@type":"SearchAction","target":{"@type":"EntryPoint","urlTemplate":"https:\/\/funerariaconceptochile.cl\/?s={search_term_string}"},"query-input":{"@type":"PropertyValueSpecification","valueRequired":true,"valueName":"search_term_string"}}],"inLanguage":"es"},{"@type":"Person","@id":"https:\/\/funerariaconceptochile.cl\/#\/schema\/person\/778cdec708f417d049efb7a785538d7f","name":"Obiturarios Concepto","url":"https:\/\/funerariaconceptochile.cl\/es\/obituarios\/author\/obituarios\/"}]}},"_links":{"self":[{"href":"https:\/\/funerariaconceptochile.cl\/es\/wp-json\/wp\/v2\/posts\/8055","targetHints":{"allow":["GET"]}}],"collection":[{"href":"https:\/\/funerariaconceptochile.cl\/es\/wp-json\/wp\/v2\/posts"}],"about":[{"href":"https:\/\/funerariaconceptochile.cl\/es\/wp-json\/wp\/v2\/types\/post"}],"author":[{"embeddable":true,"href":"https:\/\/funerariaconceptochile.cl\/es\/wp-json\/wp\/v2\/users\/5"}],"replies":[{"embeddable":true,"href":"https:\/\/funerariaconceptochile.cl\/es\/wp-json\/wp\/v2\/comments?post=8055"}],"version-history":[{"count":4,"href":"https:\/\/funerariaconceptochile.cl\/es\/wp-json\/wp\/v2\/posts\/8055\/revisions"}],"predecessor-version":[{"id":8072,"href":"https:\/\/funerariaconceptochile.cl\/es\/wp-json\/wp\/v2\/posts\/8055\/revisions\/8072"}],"wp:featuredmedia":[{"embeddable":true,"href":"https:\/\/funerariaconceptochile.cl\/es\/wp-json\/wp\/v2\/media\/8052"}],"wp:attachment":[{"href":"https:\/\/funerariaconceptochile.cl\/es\/wp-json\/wp\/v2\/media?parent=8055"}],"wp:term":[{"taxonomy":"category","embeddable":true,"href":"https:\/\/funerariaconceptochile.cl\/es\/wp-json\/wp\/v2\/categories?post=8055"},{"taxonomy":"post_tag","embeddable":true,"href":"https:\/\/funerariaconceptochile.cl\/es\/wp-json\/wp\/v2\/tags?post=8055"}],"curies":[{"name":"wp","href":"https:\/\/api.w.org\/{rel}","templated":true}]}}