{"id":7906,"date":"2023-09-15T21:14:59","date_gmt":"2023-09-16T01:14:59","guid":{"rendered":"https:\/\/funerariaconceptochile.cl\/?p=7906"},"modified":"2023-09-15T21:14:59","modified_gmt":"2023-09-16T01:14:59","slug":"jorge-hernan-pizarro-galvez","status":"publish","type":"post","link":"https:\/\/funerariaconceptochile.cl\/es\/obituarios\/jorge-hernan-pizarro-galvez\/","title":{"rendered":"Jorge Hern\u00e1n Pizarro G\u00e1lvez"},"content":{"rendered":"<div class=\"col-12 p-0\">\n<div class=\"card text-start\">\n<div class=\"obit_name_and_date p-3 py-4 text-center text-md-start\">\n<h4><img loading=\"lazy\" decoding=\"async\" class=\"alignnone size-full wp-image-7907 aligncenter\" src=\"https:\/\/funerariaconceptochile.cl\/wp-content\/uploads\/2023\/09\/WhatsApp-Image-2023-09-14-at-10.40.27-PM.jpeg\" alt=\"\" width=\"200\" height=\"300\" srcset=\"https:\/\/funerariaconceptochile.cl\/wp-content\/uploads\/2023\/09\/WhatsApp-Image-2023-09-14-at-10.40.27-PM.jpeg 200w, https:\/\/funerariaconceptochile.cl\/wp-content\/uploads\/2023\/09\/WhatsApp-Image-2023-09-14-at-10.40.27-PM-150x225.jpeg 150w\" sizes=\"auto, (max-width: 200px) 100vw, 200px\" \/><\/h4>\n<h4 style=\"text-align: center\">01\/09\/1955 \u2013 14\/09\/2023<\/h4>\n<\/div>\n<\/div>\n<\/div>\n<div class=\"flex-row d-flex justify-content-end text-dark mt-1 mb-0\" style=\"text-align: center\"><\/div>\n<p style=\"text-align: center\">Confiamos que el recuerdo de un ser querido se mantendr\u00e1 siempre presente en sus corazones. En Funeraria concepto, tenemos el prop\u00f3sito de acompa\u00f1arlos en el homenaje para dignificar la vida en un momento que trasciende, para esto los invitamos a expresar sus condolencias.<\/p>\n<p style=\"text-align: center\"><strong>Tarjeta de servicio<\/strong><\/p>\n<p style=\"text-align: center\"><strong>Lugar o sala velatorio:<\/strong> Parroquia San Crescente<\/p>\n<p style=\"text-align: center\"><strong>Direcci\u00f3n:<\/strong> Av. Salvador 1363, Providencia, Santiago<\/p>\n<p style=\"text-align: center\"><strong>Lugar Responso:<\/strong> Parroquia San Crescente<\/p>\n<p style=\"text-align: center\"><strong>Fecha y hora de inicio:<\/strong> 15 Sep 2023, 19:00 pm<\/p>\n<p style=\"text-align: center\"><strong>Direcci\u00f3n:<\/strong> Av. Salvador 1363, Providencia, Santiago<\/p>\n<p style=\"text-align: center\"><strong>Lugar Funeral:<\/strong> Cementerio General de Santiago<\/p>\n<p style=\"text-align: center\"><strong>Fecha y hora funeral:<\/strong> 16 Sep 2023, 12.00 pm<\/p>\n<p style=\"text-align: center\"><strong>Direcci\u00f3n Funeral:<\/strong> Profesor Alberto Za\u00f1artu 951 Lafayette 1705, Av. Recoleta 1490, 8431579 Recoleta, Regi\u00f3n Metropolitana<\/p>","protected":false},"excerpt":{"rendered":"<p>01\/09\/1955 \u2013 14\/09\/2023 Confiamos que el recuerdo de un ser querido se mantendr\u00e1 siempre presente en sus corazones. En Funeraria<\/p>","protected":false},"author":5,"featured_media":7907,"comment_status":"open","ping_status":"open","sticky":false,"template":"","format":"standard","meta":{"footnotes":""},"categories":[1],"tags":[],"class_list":["post-7906","post","type-post","status-publish","format-standard","has-post-thumbnail","hentry","category-o"],"yoast_head":"<!-- This site is optimized with the Yoast SEO plugin v27.5 - https:\/\/yoast.com\/product\/yoast-seo-wordpress\/ -->\n<title>Jorge Hern\u00e1n Pizarro G\u00e1lvez - Funeraria Concepto<\/title>\n<meta name=\"robots\" content=\"index, follow, max-snippet:-1, max-image-preview:large, max-video-preview:-1\" \/>\n<link rel=\"canonical\" href=\"https:\/\/funerariaconceptochile.cl\/es\/obituarios\/jorge-hernan-pizarro-galvez\/\" \/>\n<meta property=\"og:locale\" content=\"es_ES\" \/>\n<meta property=\"og:type\" content=\"article\" \/>\n<meta property=\"og:title\" content=\"Jorge Hern\u00e1n Pizarro G\u00e1lvez - Funeraria Concepto\" \/>\n<meta property=\"og:description\" content=\"01\/09\/1955 \u2013 14\/09\/2023 Confiamos que el recuerdo de un ser querido se mantendr\u00e1 siempre presente en sus corazones. En Funeraria\" \/>\n<meta property=\"og:url\" content=\"https:\/\/funerariaconceptochile.cl\/es\/obituarios\/jorge-hernan-pizarro-galvez\/\" \/>\n<meta property=\"og:site_name\" content=\"Funeraria Concepto\" \/>\n<meta property=\"article:published_time\" content=\"2023-09-16T01:14:59+00:00\" \/>\n<meta property=\"og:image\" content=\"https:\/\/funerariaconceptochile.cl\/wp-content\/uploads\/2023\/09\/WhatsApp-Image-2023-09-14-at-10.40.27-PM.jpeg\" \/>\n\t<meta property=\"og:image:width\" content=\"200\" \/>\n\t<meta property=\"og:image:height\" content=\"300\" \/>\n\t<meta property=\"og:image:type\" content=\"image\/jpeg\" \/>\n<meta name=\"author\" content=\"Obiturarios Concepto\" \/>\n<meta name=\"twitter:card\" content=\"summary_large_image\" \/>\n<meta name=\"twitter:label1\" content=\"Escrito por\" \/>\n\t<meta name=\"twitter:data1\" content=\"\" \/>\n\t<meta name=\"twitter:label2\" content=\"Tiempo de lectura\" \/>\n\t<meta name=\"twitter:data2\" content=\"1 minuto\" \/>\n<script type=\"application\/ld+json\" class=\"yoast-schema-graph\">{\"@context\":\"https:\\\/\\\/schema.org\",\"@graph\":[{\"@type\":\"Article\",\"@id\":\"https:\\\/\\\/funerariaconceptochile.cl\\\/obituarios\\\/jorge-hernan-pizarro-galvez\\\/#article\",\"isPartOf\":{\"@id\":\"https:\\\/\\\/funerariaconceptochile.cl\\\/obituarios\\\/jorge-hernan-pizarro-galvez\\\/\"},\"author\":{\"name\":\"Obiturarios Concepto\",\"@id\":\"https:\\\/\\\/funerariaconceptochile.cl\\\/#\\\/schema\\\/person\\\/778cdec708f417d049efb7a785538d7f\"},\"headline\":\"Jorge Hern\u00e1n Pizarro G\u00e1lvez\",\"datePublished\":\"2023-09-16T01:14:59+00:00\",\"mainEntityOfPage\":{\"@id\":\"https:\\\/\\\/funerariaconceptochile.cl\\\/obituarios\\\/jorge-hernan-pizarro-galvez\\\/\"},\"wordCount\":111,\"commentCount\":0,\"image\":{\"@id\":\"https:\\\/\\\/funerariaconceptochile.cl\\\/obituarios\\\/jorge-hernan-pizarro-galvez\\\/#primaryimage\"},\"thumbnailUrl\":\"https:\\\/\\\/funerariaconceptochile.cl\\\/wp-content\\\/uploads\\\/2023\\\/09\\\/WhatsApp-Image-2023-09-14-at-10.40.27-PM.jpeg\",\"articleSection\":[\"Obituario\"],\"inLanguage\":\"es\",\"potentialAction\":[{\"@type\":\"CommentAction\",\"name\":\"Comment\",\"target\":[\"https:\\\/\\\/funerariaconceptochile.cl\\\/obituarios\\\/jorge-hernan-pizarro-galvez\\\/#respond\"]}]},{\"@type\":\"WebPage\",\"@id\":\"https:\\\/\\\/funerariaconceptochile.cl\\\/obituarios\\\/jorge-hernan-pizarro-galvez\\\/\",\"url\":\"https:\\\/\\\/funerariaconceptochile.cl\\\/obituarios\\\/jorge-hernan-pizarro-galvez\\\/\",\"name\":\"Jorge Hern\u00e1n Pizarro G\u00e1lvez - Funeraria Concepto\",\"isPartOf\":{\"@id\":\"https:\\\/\\\/funerariaconceptochile.cl\\\/#website\"},\"primaryImageOfPage\":{\"@id\":\"https:\\\/\\\/funerariaconceptochile.cl\\\/obituarios\\\/jorge-hernan-pizarro-galvez\\\/#primaryimage\"},\"image\":{\"@id\":\"https:\\\/\\\/funerariaconceptochile.cl\\\/obituarios\\\/jorge-hernan-pizarro-galvez\\\/#primaryimage\"},\"thumbnailUrl\":\"https:\\\/\\\/funerariaconceptochile.cl\\\/wp-content\\\/uploads\\\/2023\\\/09\\\/WhatsApp-Image-2023-09-14-at-10.40.27-PM.jpeg\",\"datePublished\":\"2023-09-16T01:14:59+00:00\",\"author\":{\"@id\":\"https:\\\/\\\/funerariaconceptochile.cl\\\/#\\\/schema\\\/person\\\/778cdec708f417d049efb7a785538d7f\"},\"breadcrumb\":{\"@id\":\"https:\\\/\\\/funerariaconceptochile.cl\\\/obituarios\\\/jorge-hernan-pizarro-galvez\\\/#breadcrumb\"},\"inLanguage\":\"es\",\"potentialAction\":[{\"@type\":\"ReadAction\",\"target\":[\"https:\\\/\\\/funerariaconceptochile.cl\\\/obituarios\\\/jorge-hernan-pizarro-galvez\\\/\"]}]},{\"@type\":\"ImageObject\",\"inLanguage\":\"es\",\"@id\":\"https:\\\/\\\/funerariaconceptochile.cl\\\/obituarios\\\/jorge-hernan-pizarro-galvez\\\/#primaryimage\",\"url\":\"https:\\\/\\\/funerariaconceptochile.cl\\\/wp-content\\\/uploads\\\/2023\\\/09\\\/WhatsApp-Image-2023-09-14-at-10.40.27-PM.jpeg\",\"contentUrl\":\"https:\\\/\\\/funerariaconceptochile.cl\\\/wp-content\\\/uploads\\\/2023\\\/09\\\/WhatsApp-Image-2023-09-14-at-10.40.27-PM.jpeg\",\"width\":200,\"height\":300},{\"@type\":\"BreadcrumbList\",\"@id\":\"https:\\\/\\\/funerariaconceptochile.cl\\\/obituarios\\\/jorge-hernan-pizarro-galvez\\\/#breadcrumb\",\"itemListElement\":[{\"@type\":\"ListItem\",\"position\":1,\"name\":\"Portada\",\"item\":\"https:\\\/\\\/funerariaconceptochile.cl\\\/\"},{\"@type\":\"ListItem\",\"position\":2,\"name\":\"Jorge Hern\u00e1n Pizarro G\u00e1lvez\"}]},{\"@type\":\"WebSite\",\"@id\":\"https:\\\/\\\/funerariaconceptochile.cl\\\/#website\",\"url\":\"https:\\\/\\\/funerariaconceptochile.cl\\\/\",\"name\":\"Funeraria Concepto\",\"description\":\"\",\"potentialAction\":[{\"@type\":\"SearchAction\",\"target\":{\"@type\":\"EntryPoint\",\"urlTemplate\":\"https:\\\/\\\/funerariaconceptochile.cl\\\/?s={search_term_string}\"},\"query-input\":{\"@type\":\"PropertyValueSpecification\",\"valueRequired\":true,\"valueName\":\"search_term_string\"}}],\"inLanguage\":\"es\"},{\"@type\":\"Person\",\"@id\":\"https:\\\/\\\/funerariaconceptochile.cl\\\/#\\\/schema\\\/person\\\/778cdec708f417d049efb7a785538d7f\",\"name\":\"Obiturarios Concepto\",\"url\":\"https:\\\/\\\/funerariaconceptochile.cl\\\/es\\\/obituarios\\\/author\\\/obituarios\\\/\"}]}<\/script>\n<!-- \/ Yoast SEO plugin. -->","yoast_head_json":{"title":"Jorge Hern\u00e1n Pizarro G\u00e1lvez - Funeraria Concepto","robots":{"index":"index","follow":"follow","max-snippet":"max-snippet:-1","max-image-preview":"max-image-preview:large","max-video-preview":"max-video-preview:-1"},"canonical":"https:\/\/funerariaconceptochile.cl\/es\/obituarios\/jorge-hernan-pizarro-galvez\/","og_locale":"es_ES","og_type":"article","og_title":"Jorge Hern\u00e1n Pizarro G\u00e1lvez - Funeraria Concepto","og_description":"01\/09\/1955 \u2013 14\/09\/2023 Confiamos que el recuerdo de un ser querido se mantendr\u00e1 siempre presente en sus corazones. En Funeraria","og_url":"https:\/\/funerariaconceptochile.cl\/es\/obituarios\/jorge-hernan-pizarro-galvez\/","og_site_name":"Funeraria Concepto","article_published_time":"2023-09-16T01:14:59+00:00","og_image":[{"width":200,"height":300,"url":"https:\/\/funerariaconceptochile.cl\/wp-content\/uploads\/2023\/09\/WhatsApp-Image-2023-09-14-at-10.40.27-PM.jpeg","type":"image\/jpeg"}],"author":"Obiturarios Concepto","twitter_card":"summary_large_image","twitter_misc":{"Escrito por":false,"Tiempo de lectura":"1 minuto"},"schema":{"@context":"https:\/\/schema.org","@graph":[{"@type":"Article","@id":"https:\/\/funerariaconceptochile.cl\/obituarios\/jorge-hernan-pizarro-galvez\/#article","isPartOf":{"@id":"https:\/\/funerariaconceptochile.cl\/obituarios\/jorge-hernan-pizarro-galvez\/"},"author":{"name":"Obiturarios Concepto","@id":"https:\/\/funerariaconceptochile.cl\/#\/schema\/person\/778cdec708f417d049efb7a785538d7f"},"headline":"Jorge Hern\u00e1n Pizarro G\u00e1lvez","datePublished":"2023-09-16T01:14:59+00:00","mainEntityOfPage":{"@id":"https:\/\/funerariaconceptochile.cl\/obituarios\/jorge-hernan-pizarro-galvez\/"},"wordCount":111,"commentCount":0,"image":{"@id":"https:\/\/funerariaconceptochile.cl\/obituarios\/jorge-hernan-pizarro-galvez\/#primaryimage"},"thumbnailUrl":"https:\/\/funerariaconceptochile.cl\/wp-content\/uploads\/2023\/09\/WhatsApp-Image-2023-09-14-at-10.40.27-PM.jpeg","articleSection":["Obituario"],"inLanguage":"es","potentialAction":[{"@type":"CommentAction","name":"Comment","target":["https:\/\/funerariaconceptochile.cl\/obituarios\/jorge-hernan-pizarro-galvez\/#respond"]}]},{"@type":"WebPage","@id":"https:\/\/funerariaconceptochile.cl\/obituarios\/jorge-hernan-pizarro-galvez\/","url":"https:\/\/funerariaconceptochile.cl\/obituarios\/jorge-hernan-pizarro-galvez\/","name":"Jorge Hern\u00e1n Pizarro G\u00e1lvez - Funeraria Concepto","isPartOf":{"@id":"https:\/\/funerariaconceptochile.cl\/#website"},"primaryImageOfPage":{"@id":"https:\/\/funerariaconceptochile.cl\/obituarios\/jorge-hernan-pizarro-galvez\/#primaryimage"},"image":{"@id":"https:\/\/funerariaconceptochile.cl\/obituarios\/jorge-hernan-pizarro-galvez\/#primaryimage"},"thumbnailUrl":"https:\/\/funerariaconceptochile.cl\/wp-content\/uploads\/2023\/09\/WhatsApp-Image-2023-09-14-at-10.40.27-PM.jpeg","datePublished":"2023-09-16T01:14:59+00:00","author":{"@id":"https:\/\/funerariaconceptochile.cl\/#\/schema\/person\/778cdec708f417d049efb7a785538d7f"},"breadcrumb":{"@id":"https:\/\/funerariaconceptochile.cl\/obituarios\/jorge-hernan-pizarro-galvez\/#breadcrumb"},"inLanguage":"es","potentialAction":[{"@type":"ReadAction","target":["https:\/\/funerariaconceptochile.cl\/obituarios\/jorge-hernan-pizarro-galvez\/"]}]},{"@type":"ImageObject","inLanguage":"es","@id":"https:\/\/funerariaconceptochile.cl\/obituarios\/jorge-hernan-pizarro-galvez\/#primaryimage","url":"https:\/\/funerariaconceptochile.cl\/wp-content\/uploads\/2023\/09\/WhatsApp-Image-2023-09-14-at-10.40.27-PM.jpeg","contentUrl":"https:\/\/funerariaconceptochile.cl\/wp-content\/uploads\/2023\/09\/WhatsApp-Image-2023-09-14-at-10.40.27-PM.jpeg","width":200,"height":300},{"@type":"BreadcrumbList","@id":"https:\/\/funerariaconceptochile.cl\/obituarios\/jorge-hernan-pizarro-galvez\/#breadcrumb","itemListElement":[{"@type":"ListItem","position":1,"name":"Portada","item":"https:\/\/funerariaconceptochile.cl\/"},{"@type":"ListItem","position":2,"name":"Jorge Hern\u00e1n Pizarro G\u00e1lvez"}]},{"@type":"WebSite","@id":"https:\/\/funerariaconceptochile.cl\/#website","url":"https:\/\/funerariaconceptochile.cl\/","name":"Funeraria Concepto","description":"","potentialAction":[{"@type":"SearchAction","target":{"@type":"EntryPoint","urlTemplate":"https:\/\/funerariaconceptochile.cl\/?s={search_term_string}"},"query-input":{"@type":"PropertyValueSpecification","valueRequired":true,"valueName":"search_term_string"}}],"inLanguage":"es"},{"@type":"Person","@id":"https:\/\/funerariaconceptochile.cl\/#\/schema\/person\/778cdec708f417d049efb7a785538d7f","name":"Obiturarios Concepto","url":"https:\/\/funerariaconceptochile.cl\/es\/obituarios\/author\/obituarios\/"}]}},"_links":{"self":[{"href":"https:\/\/funerariaconceptochile.cl\/es\/wp-json\/wp\/v2\/posts\/7906","targetHints":{"allow":["GET"]}}],"collection":[{"href":"https:\/\/funerariaconceptochile.cl\/es\/wp-json\/wp\/v2\/posts"}],"about":[{"href":"https:\/\/funerariaconceptochile.cl\/es\/wp-json\/wp\/v2\/types\/post"}],"author":[{"embeddable":true,"href":"https:\/\/funerariaconceptochile.cl\/es\/wp-json\/wp\/v2\/users\/5"}],"replies":[{"embeddable":true,"href":"https:\/\/funerariaconceptochile.cl\/es\/wp-json\/wp\/v2\/comments?post=7906"}],"version-history":[{"count":1,"href":"https:\/\/funerariaconceptochile.cl\/es\/wp-json\/wp\/v2\/posts\/7906\/revisions"}],"predecessor-version":[{"id":7908,"href":"https:\/\/funerariaconceptochile.cl\/es\/wp-json\/wp\/v2\/posts\/7906\/revisions\/7908"}],"wp:featuredmedia":[{"embeddable":true,"href":"https:\/\/funerariaconceptochile.cl\/es\/wp-json\/wp\/v2\/media\/7907"}],"wp:attachment":[{"href":"https:\/\/funerariaconceptochile.cl\/es\/wp-json\/wp\/v2\/media?parent=7906"}],"wp:term":[{"taxonomy":"category","embeddable":true,"href":"https:\/\/funerariaconceptochile.cl\/es\/wp-json\/wp\/v2\/categories?post=7906"},{"taxonomy":"post_tag","embeddable":true,"href":"https:\/\/funerariaconceptochile.cl\/es\/wp-json\/wp\/v2\/tags?post=7906"}],"curies":[{"name":"wp","href":"https:\/\/api.w.org\/{rel}","templated":true}]}}