{"id":7762,"date":"2023-08-18T22:43:17","date_gmt":"2023-08-19T02:43:17","guid":{"rendered":"https:\/\/funerariaconceptochile.cl\/?p=7762"},"modified":"2023-08-24T17:18:50","modified_gmt":"2023-08-24T21:18:50","slug":"orfa-ruth-fuica-fuica","status":"publish","type":"post","link":"https:\/\/funerariaconceptochile.cl\/es\/obituarios\/orfa-ruth-fuica-fuica\/","title":{"rendered":"Orfa Ruth Fuica Fuica"},"content":{"rendered":"<div class=\"col-12 p-0\">\n<div class=\"card text-start\">\n<div class=\"obit_name_and_date p-3 py-4 text-center text-md-start\">\n<h4 style=\"text-align: center;\"><img loading=\"lazy\" decoding=\"async\" class=\"alignnone size-medium wp-image-7760\" src=\"https:\/\/funerariaconceptochile.cl\/wp-content\/uploads\/2023\/08\/funeraria-concepto-orfa-ruth-fuica-fuica-265x300.jpg\" alt=\"\" width=\"265\" height=\"300\" srcset=\"https:\/\/funerariaconceptochile.cl\/wp-content\/uploads\/2023\/08\/funeraria-concepto-orfa-ruth-fuica-fuica-265x300.jpg 265w, https:\/\/funerariaconceptochile.cl\/wp-content\/uploads\/2023\/08\/funeraria-concepto-orfa-ruth-fuica-fuica-768x868.jpg 768w, https:\/\/funerariaconceptochile.cl\/wp-content\/uploads\/2023\/08\/funeraria-concepto-orfa-ruth-fuica-fuica-708x800.jpg 708w, https:\/\/funerariaconceptochile.cl\/wp-content\/uploads\/2023\/08\/funeraria-concepto-orfa-ruth-fuica-fuica-400x452.jpg 400w, https:\/\/funerariaconceptochile.cl\/wp-content\/uploads\/2023\/08\/funeraria-concepto-orfa-ruth-fuica-fuica-150x170.jpg 150w, https:\/\/funerariaconceptochile.cl\/wp-content\/uploads\/2023\/08\/funeraria-concepto-orfa-ruth-fuica-fuica.jpg 884w\" sizes=\"auto, (max-width: 265px) 100vw, 265px\" \/><\/h4>\n<h4 style=\"text-align: center;\">20\/10\/1937 \u2013 18\/08\/2023<\/h4>\n<\/div>\n<\/div>\n<\/div>\n<div class=\"flex-row d-flex justify-content-end text-dark mt-1 mb-0\" style=\"text-align: center;\"><\/div>\n<p style=\"text-align: center;\">Confiamos que el recuerdo de un ser querido se mantendr\u00e1 siempre presente en sus corazones. En Funeraria concepto, tenemos el prop\u00f3sito de acompa\u00f1arlos en el homenaje para dignificar la vida en un momento que trasciende, para esto los invitamos a expresar sus condolencias.<\/p>\n<p style=\"text-align: center;\"><strong>Tarjeta de servicio<\/strong><\/p>\n<p style=\"text-align: center;\"><strong>Lugar o sala velatorio:<\/strong> Iglesia Misi\u00f3n del Se\u00f1or<\/p>\n<p style=\"text-align: center;\"><strong>Direcci\u00f3n:<\/strong> Calle Baquedano #1118, Los \u00c1ngeles<\/p>\n<p style=\"text-align: center;\"><strong>Lugar Responso:<\/strong> Iglesia Misi\u00f3n del Se\u00f1or<\/p>\n<p style=\"text-align: center;\"><strong>Fecha y hora de inicio:<\/strong> 20 Ago 2023; 09.00 am<\/p>\n<p style=\"text-align: center;\"><strong>Direcci\u00f3n:<\/strong> Calle Baquedano #1118, Los \u00c1ngeles<\/p>\n<p style=\"text-align: center;\"><strong>Lugar Funeral:<\/strong> Cementerio General de Los \u00c1ngeles<\/p>\n<p style=\"text-align: center;\"><strong>Fecha y hora funeral:<\/strong> 20 Ago 2023; 10.00 am<\/p>\n<p style=\"text-align: center;\"><strong>Direcci\u00f3n Funeral:<\/strong> Camino a San Antoni0 S\/N, Los \u00c1ngeles<\/p>","protected":false},"excerpt":{"rendered":"<p>20\/10\/1937 \u2013 18\/08\/2023 Confiamos que el recuerdo de un ser querido se mantendr\u00e1 siempre presente en sus corazones. En Funeraria<\/p>","protected":false},"author":5,"featured_media":7789,"comment_status":"open","ping_status":"open","sticky":false,"template":"","format":"standard","meta":{"footnotes":""},"categories":[1],"tags":[],"class_list":["post-7762","post","type-post","status-publish","format-standard","has-post-thumbnail","hentry","category-o"],"yoast_head":"<!-- This site is optimized with the Yoast SEO plugin v27.5 - https:\/\/yoast.com\/product\/yoast-seo-wordpress\/ -->\n<title>Orfa Ruth Fuica Fuica - Funeraria Concepto<\/title>\n<meta name=\"robots\" content=\"index, follow, max-snippet:-1, max-image-preview:large, max-video-preview:-1\" \/>\n<link rel=\"canonical\" href=\"https:\/\/funerariaconceptochile.cl\/es\/obituarios\/orfa-ruth-fuica-fuica\/\" \/>\n<meta property=\"og:locale\" content=\"es_ES\" \/>\n<meta property=\"og:type\" content=\"article\" \/>\n<meta property=\"og:title\" content=\"Orfa Ruth Fuica Fuica - Funeraria Concepto\" \/>\n<meta property=\"og:description\" content=\"20\/10\/1937 \u2013 18\/08\/2023 Confiamos que el recuerdo de un ser querido se mantendr\u00e1 siempre presente en sus corazones. En Funeraria\" \/>\n<meta property=\"og:url\" content=\"https:\/\/funerariaconceptochile.cl\/es\/obituarios\/orfa-ruth-fuica-fuica\/\" \/>\n<meta property=\"og:site_name\" content=\"Funeraria Concepto\" \/>\n<meta property=\"article:published_time\" content=\"2023-08-19T02:43:17+00:00\" \/>\n<meta property=\"article:modified_time\" content=\"2023-08-24T21:18:50+00:00\" \/>\n<meta property=\"og:image\" content=\"https:\/\/funerariaconceptochile.cl\/wp-content\/uploads\/2023\/08\/funeraria-concepto-orfa-ruth-fuica-fuica-400x452-1.jpg\" \/>\n\t<meta property=\"og:image:width\" content=\"200\" \/>\n\t<meta property=\"og:image:height\" content=\"300\" \/>\n\t<meta property=\"og:image:type\" content=\"image\/jpeg\" \/>\n<meta name=\"author\" content=\"Obiturarios Concepto\" \/>\n<meta name=\"twitter:card\" content=\"summary_large_image\" \/>\n<meta name=\"twitter:label1\" content=\"Escrito por\" \/>\n\t<meta name=\"twitter:data1\" content=\"\" \/>\n\t<meta name=\"twitter:label2\" content=\"Tiempo de lectura\" \/>\n\t<meta name=\"twitter:data2\" content=\"1 minuto\" \/>\n<script type=\"application\/ld+json\" class=\"yoast-schema-graph\">{\"@context\":\"https:\\\/\\\/schema.org\",\"@graph\":[{\"@type\":\"Article\",\"@id\":\"https:\\\/\\\/funerariaconceptochile.cl\\\/obituarios\\\/orfa-ruth-fuica-fuica\\\/#article\",\"isPartOf\":{\"@id\":\"https:\\\/\\\/funerariaconceptochile.cl\\\/obituarios\\\/orfa-ruth-fuica-fuica\\\/\"},\"author\":{\"name\":\"Obiturarios Concepto\",\"@id\":\"https:\\\/\\\/funerariaconceptochile.cl\\\/#\\\/schema\\\/person\\\/778cdec708f417d049efb7a785538d7f\"},\"headline\":\"Orfa Ruth Fuica Fuica\",\"datePublished\":\"2023-08-19T02:43:17+00:00\",\"dateModified\":\"2023-08-24T21:18:50+00:00\",\"mainEntityOfPage\":{\"@id\":\"https:\\\/\\\/funerariaconceptochile.cl\\\/obituarios\\\/orfa-ruth-fuica-fuica\\\/\"},\"wordCount\":113,\"commentCount\":2,\"image\":{\"@id\":\"https:\\\/\\\/funerariaconceptochile.cl\\\/obituarios\\\/orfa-ruth-fuica-fuica\\\/#primaryimage\"},\"thumbnailUrl\":\"https:\\\/\\\/funerariaconceptochile.cl\\\/wp-content\\\/uploads\\\/2023\\\/08\\\/funeraria-concepto-orfa-ruth-fuica-fuica-400x452-1.jpg\",\"articleSection\":[\"Obituario\"],\"inLanguage\":\"es\",\"potentialAction\":[{\"@type\":\"CommentAction\",\"name\":\"Comment\",\"target\":[\"https:\\\/\\\/funerariaconceptochile.cl\\\/obituarios\\\/orfa-ruth-fuica-fuica\\\/#respond\"]}]},{\"@type\":\"WebPage\",\"@id\":\"https:\\\/\\\/funerariaconceptochile.cl\\\/obituarios\\\/orfa-ruth-fuica-fuica\\\/\",\"url\":\"https:\\\/\\\/funerariaconceptochile.cl\\\/obituarios\\\/orfa-ruth-fuica-fuica\\\/\",\"name\":\"Orfa Ruth Fuica Fuica - Funeraria Concepto\",\"isPartOf\":{\"@id\":\"https:\\\/\\\/funerariaconceptochile.cl\\\/#website\"},\"primaryImageOfPage\":{\"@id\":\"https:\\\/\\\/funerariaconceptochile.cl\\\/obituarios\\\/orfa-ruth-fuica-fuica\\\/#primaryimage\"},\"image\":{\"@id\":\"https:\\\/\\\/funerariaconceptochile.cl\\\/obituarios\\\/orfa-ruth-fuica-fuica\\\/#primaryimage\"},\"thumbnailUrl\":\"https:\\\/\\\/funerariaconceptochile.cl\\\/wp-content\\\/uploads\\\/2023\\\/08\\\/funeraria-concepto-orfa-ruth-fuica-fuica-400x452-1.jpg\",\"datePublished\":\"2023-08-19T02:43:17+00:00\",\"dateModified\":\"2023-08-24T21:18:50+00:00\",\"author\":{\"@id\":\"https:\\\/\\\/funerariaconceptochile.cl\\\/#\\\/schema\\\/person\\\/778cdec708f417d049efb7a785538d7f\"},\"breadcrumb\":{\"@id\":\"https:\\\/\\\/funerariaconceptochile.cl\\\/obituarios\\\/orfa-ruth-fuica-fuica\\\/#breadcrumb\"},\"inLanguage\":\"es\",\"potentialAction\":[{\"@type\":\"ReadAction\",\"target\":[\"https:\\\/\\\/funerariaconceptochile.cl\\\/obituarios\\\/orfa-ruth-fuica-fuica\\\/\"]}]},{\"@type\":\"ImageObject\",\"inLanguage\":\"es\",\"@id\":\"https:\\\/\\\/funerariaconceptochile.cl\\\/obituarios\\\/orfa-ruth-fuica-fuica\\\/#primaryimage\",\"url\":\"https:\\\/\\\/funerariaconceptochile.cl\\\/wp-content\\\/uploads\\\/2023\\\/08\\\/funeraria-concepto-orfa-ruth-fuica-fuica-400x452-1.jpg\",\"contentUrl\":\"https:\\\/\\\/funerariaconceptochile.cl\\\/wp-content\\\/uploads\\\/2023\\\/08\\\/funeraria-concepto-orfa-ruth-fuica-fuica-400x452-1.jpg\",\"width\":200,\"height\":300},{\"@type\":\"BreadcrumbList\",\"@id\":\"https:\\\/\\\/funerariaconceptochile.cl\\\/obituarios\\\/orfa-ruth-fuica-fuica\\\/#breadcrumb\",\"itemListElement\":[{\"@type\":\"ListItem\",\"position\":1,\"name\":\"Portada\",\"item\":\"https:\\\/\\\/funerariaconceptochile.cl\\\/\"},{\"@type\":\"ListItem\",\"position\":2,\"name\":\"Orfa Ruth Fuica Fuica\"}]},{\"@type\":\"WebSite\",\"@id\":\"https:\\\/\\\/funerariaconceptochile.cl\\\/#website\",\"url\":\"https:\\\/\\\/funerariaconceptochile.cl\\\/\",\"name\":\"Funeraria Concepto\",\"description\":\"\",\"potentialAction\":[{\"@type\":\"SearchAction\",\"target\":{\"@type\":\"EntryPoint\",\"urlTemplate\":\"https:\\\/\\\/funerariaconceptochile.cl\\\/?s={search_term_string}\"},\"query-input\":{\"@type\":\"PropertyValueSpecification\",\"valueRequired\":true,\"valueName\":\"search_term_string\"}}],\"inLanguage\":\"es\"},{\"@type\":\"Person\",\"@id\":\"https:\\\/\\\/funerariaconceptochile.cl\\\/#\\\/schema\\\/person\\\/778cdec708f417d049efb7a785538d7f\",\"name\":\"Obiturarios Concepto\",\"url\":\"https:\\\/\\\/funerariaconceptochile.cl\\\/es\\\/obituarios\\\/author\\\/obituarios\\\/\"}]}<\/script>\n<!-- \/ Yoast SEO plugin. -->","yoast_head_json":{"title":"Orfa Ruth Fuica Fuica - Funeraria Concepto","robots":{"index":"index","follow":"follow","max-snippet":"max-snippet:-1","max-image-preview":"max-image-preview:large","max-video-preview":"max-video-preview:-1"},"canonical":"https:\/\/funerariaconceptochile.cl\/es\/obituarios\/orfa-ruth-fuica-fuica\/","og_locale":"es_ES","og_type":"article","og_title":"Orfa Ruth Fuica Fuica - Funeraria Concepto","og_description":"20\/10\/1937 \u2013 18\/08\/2023 Confiamos que el recuerdo de un ser querido se mantendr\u00e1 siempre presente en sus corazones. En Funeraria","og_url":"https:\/\/funerariaconceptochile.cl\/es\/obituarios\/orfa-ruth-fuica-fuica\/","og_site_name":"Funeraria Concepto","article_published_time":"2023-08-19T02:43:17+00:00","article_modified_time":"2023-08-24T21:18:50+00:00","og_image":[{"width":200,"height":300,"url":"https:\/\/funerariaconceptochile.cl\/wp-content\/uploads\/2023\/08\/funeraria-concepto-orfa-ruth-fuica-fuica-400x452-1.jpg","type":"image\/jpeg"}],"author":"Obiturarios Concepto","twitter_card":"summary_large_image","twitter_misc":{"Escrito por":false,"Tiempo de lectura":"1 minuto"},"schema":{"@context":"https:\/\/schema.org","@graph":[{"@type":"Article","@id":"https:\/\/funerariaconceptochile.cl\/obituarios\/orfa-ruth-fuica-fuica\/#article","isPartOf":{"@id":"https:\/\/funerariaconceptochile.cl\/obituarios\/orfa-ruth-fuica-fuica\/"},"author":{"name":"Obiturarios Concepto","@id":"https:\/\/funerariaconceptochile.cl\/#\/schema\/person\/778cdec708f417d049efb7a785538d7f"},"headline":"Orfa Ruth Fuica Fuica","datePublished":"2023-08-19T02:43:17+00:00","dateModified":"2023-08-24T21:18:50+00:00","mainEntityOfPage":{"@id":"https:\/\/funerariaconceptochile.cl\/obituarios\/orfa-ruth-fuica-fuica\/"},"wordCount":113,"commentCount":2,"image":{"@id":"https:\/\/funerariaconceptochile.cl\/obituarios\/orfa-ruth-fuica-fuica\/#primaryimage"},"thumbnailUrl":"https:\/\/funerariaconceptochile.cl\/wp-content\/uploads\/2023\/08\/funeraria-concepto-orfa-ruth-fuica-fuica-400x452-1.jpg","articleSection":["Obituario"],"inLanguage":"es","potentialAction":[{"@type":"CommentAction","name":"Comment","target":["https:\/\/funerariaconceptochile.cl\/obituarios\/orfa-ruth-fuica-fuica\/#respond"]}]},{"@type":"WebPage","@id":"https:\/\/funerariaconceptochile.cl\/obituarios\/orfa-ruth-fuica-fuica\/","url":"https:\/\/funerariaconceptochile.cl\/obituarios\/orfa-ruth-fuica-fuica\/","name":"Orfa Ruth Fuica Fuica - Funeraria Concepto","isPartOf":{"@id":"https:\/\/funerariaconceptochile.cl\/#website"},"primaryImageOfPage":{"@id":"https:\/\/funerariaconceptochile.cl\/obituarios\/orfa-ruth-fuica-fuica\/#primaryimage"},"image":{"@id":"https:\/\/funerariaconceptochile.cl\/obituarios\/orfa-ruth-fuica-fuica\/#primaryimage"},"thumbnailUrl":"https:\/\/funerariaconceptochile.cl\/wp-content\/uploads\/2023\/08\/funeraria-concepto-orfa-ruth-fuica-fuica-400x452-1.jpg","datePublished":"2023-08-19T02:43:17+00:00","dateModified":"2023-08-24T21:18:50+00:00","author":{"@id":"https:\/\/funerariaconceptochile.cl\/#\/schema\/person\/778cdec708f417d049efb7a785538d7f"},"breadcrumb":{"@id":"https:\/\/funerariaconceptochile.cl\/obituarios\/orfa-ruth-fuica-fuica\/#breadcrumb"},"inLanguage":"es","potentialAction":[{"@type":"ReadAction","target":["https:\/\/funerariaconceptochile.cl\/obituarios\/orfa-ruth-fuica-fuica\/"]}]},{"@type":"ImageObject","inLanguage":"es","@id":"https:\/\/funerariaconceptochile.cl\/obituarios\/orfa-ruth-fuica-fuica\/#primaryimage","url":"https:\/\/funerariaconceptochile.cl\/wp-content\/uploads\/2023\/08\/funeraria-concepto-orfa-ruth-fuica-fuica-400x452-1.jpg","contentUrl":"https:\/\/funerariaconceptochile.cl\/wp-content\/uploads\/2023\/08\/funeraria-concepto-orfa-ruth-fuica-fuica-400x452-1.jpg","width":200,"height":300},{"@type":"BreadcrumbList","@id":"https:\/\/funerariaconceptochile.cl\/obituarios\/orfa-ruth-fuica-fuica\/#breadcrumb","itemListElement":[{"@type":"ListItem","position":1,"name":"Portada","item":"https:\/\/funerariaconceptochile.cl\/"},{"@type":"ListItem","position":2,"name":"Orfa Ruth Fuica Fuica"}]},{"@type":"WebSite","@id":"https:\/\/funerariaconceptochile.cl\/#website","url":"https:\/\/funerariaconceptochile.cl\/","name":"Funeraria Concepto","description":"","potentialAction":[{"@type":"SearchAction","target":{"@type":"EntryPoint","urlTemplate":"https:\/\/funerariaconceptochile.cl\/?s={search_term_string}"},"query-input":{"@type":"PropertyValueSpecification","valueRequired":true,"valueName":"search_term_string"}}],"inLanguage":"es"},{"@type":"Person","@id":"https:\/\/funerariaconceptochile.cl\/#\/schema\/person\/778cdec708f417d049efb7a785538d7f","name":"Obiturarios Concepto","url":"https:\/\/funerariaconceptochile.cl\/es\/obituarios\/author\/obituarios\/"}]}},"_links":{"self":[{"href":"https:\/\/funerariaconceptochile.cl\/es\/wp-json\/wp\/v2\/posts\/7762","targetHints":{"allow":["GET"]}}],"collection":[{"href":"https:\/\/funerariaconceptochile.cl\/es\/wp-json\/wp\/v2\/posts"}],"about":[{"href":"https:\/\/funerariaconceptochile.cl\/es\/wp-json\/wp\/v2\/types\/post"}],"author":[{"embeddable":true,"href":"https:\/\/funerariaconceptochile.cl\/es\/wp-json\/wp\/v2\/users\/5"}],"replies":[{"embeddable":true,"href":"https:\/\/funerariaconceptochile.cl\/es\/wp-json\/wp\/v2\/comments?post=7762"}],"version-history":[{"count":2,"href":"https:\/\/funerariaconceptochile.cl\/es\/wp-json\/wp\/v2\/posts\/7762\/revisions"}],"predecessor-version":[{"id":7790,"href":"https:\/\/funerariaconceptochile.cl\/es\/wp-json\/wp\/v2\/posts\/7762\/revisions\/7790"}],"wp:featuredmedia":[{"embeddable":true,"href":"https:\/\/funerariaconceptochile.cl\/es\/wp-json\/wp\/v2\/media\/7789"}],"wp:attachment":[{"href":"https:\/\/funerariaconceptochile.cl\/es\/wp-json\/wp\/v2\/media?parent=7762"}],"wp:term":[{"taxonomy":"category","embeddable":true,"href":"https:\/\/funerariaconceptochile.cl\/es\/wp-json\/wp\/v2\/categories?post=7762"},{"taxonomy":"post_tag","embeddable":true,"href":"https:\/\/funerariaconceptochile.cl\/es\/wp-json\/wp\/v2\/tags?post=7762"}],"curies":[{"name":"wp","href":"https:\/\/api.w.org\/{rel}","templated":true}]}}