{"id":7755,"date":"2023-08-17T21:57:33","date_gmt":"2023-08-18T01:57:33","guid":{"rendered":"https:\/\/funerariaconceptochile.cl\/?p=7755"},"modified":"2023-08-24T17:19:36","modified_gmt":"2023-08-24T21:19:36","slug":"alfonso-del-carmen-amestica-pacheco","status":"publish","type":"post","link":"https:\/\/funerariaconceptochile.cl\/es\/obituarios\/alfonso-del-carmen-amestica-pacheco\/","title":{"rendered":"Alfonso Del Carmen Am\u00e9stica Pacheco"},"content":{"rendered":"<div class=\"col-12 p-0\">\n<div class=\"card text-start\">\n<div class=\"obit_name_and_date p-3 py-4 text-center text-md-start\">\n<h4><img loading=\"lazy\" decoding=\"async\" class=\"alignnone size-medium wp-image-7756 aligncenter\" src=\"https:\/\/funerariaconceptochile.cl\/wp-content\/uploads\/2023\/08\/causante-alfonso-amestica-231x300.jpg\" alt=\"\" width=\"231\" height=\"300\" srcset=\"https:\/\/funerariaconceptochile.cl\/wp-content\/uploads\/2023\/08\/causante-alfonso-amestica-231x300.jpg 231w, https:\/\/funerariaconceptochile.cl\/wp-content\/uploads\/2023\/08\/causante-alfonso-amestica-768x998.jpg 768w, https:\/\/funerariaconceptochile.cl\/wp-content\/uploads\/2023\/08\/causante-alfonso-amestica-1182x1536.jpg 1182w, https:\/\/funerariaconceptochile.cl\/wp-content\/uploads\/2023\/08\/causante-alfonso-amestica-615x800.jpg 615w, https:\/\/funerariaconceptochile.cl\/wp-content\/uploads\/2023\/08\/causante-alfonso-amestica-1575x2048.jpg 1575w, https:\/\/funerariaconceptochile.cl\/wp-content\/uploads\/2023\/08\/causante-alfonso-amestica-400x520.jpg 400w, https:\/\/funerariaconceptochile.cl\/wp-content\/uploads\/2023\/08\/causante-alfonso-amestica-150x195.jpg 150w, https:\/\/funerariaconceptochile.cl\/wp-content\/uploads\/2023\/08\/causante-alfonso-amestica-scaled.jpg 1969w\" sizes=\"auto, (max-width: 231px) 100vw, 231px\" \/><\/h4>\n<h4 style=\"text-align: center;\">13\/08\/1938 \u2013 16\/08\/2023<\/h4>\n<\/div>\n<\/div>\n<\/div>\n<div class=\"flex-row d-flex justify-content-end text-dark mt-1 mb-0\" style=\"text-align: center;\"><\/div>\n<p style=\"text-align: center;\">Confiamos que el recuerdo de un ser querido se mantendr\u00e1 siempre presente en sus corazones. En Funeraria concepto, tenemos el prop\u00f3sito de acompa\u00f1arlos en el homenaje para dignificar la vida en un momento que trasciende, para esto los invitamos a expresar sus condolencias.<\/p>\n<p style=\"text-align: center;\"><strong>Tarjeta de servicio<\/strong><\/p>\n<p style=\"text-align: center;\"><strong>Lugar o sala velatorio:<\/strong>\u00a0Domiclio familiar<\/p>\n<p style=\"text-align: center;\"><strong>Direcci\u00f3n:<\/strong> Camino a Pedregal, Sector Santa Matilde, Los \u00c1ngeles<\/p>\n<p style=\"text-align: center;\"><strong>Lugar Misa:<\/strong> Iglesia Perpetuo Socorro<\/p>\n<p style=\"text-align: center;\"><strong>Fecha y hora de inicio:<\/strong> 19 Ago 2023; 09.00 am<\/p>\n<p style=\"text-align: center;\"><strong>Direcci\u00f3n:<\/strong> Calle Col\u00f3n 1226, Los \u00c1ngeles<\/p>\n<p style=\"text-align: center;\"><strong>Lugar Funeral:<\/strong> Cementerio General de Los \u00c1ngeles<\/p>\n<p style=\"text-align: center;\"><strong>Fecha y hora funeral:<\/strong> 19 Ago 2023; 10.00 am<\/p>\n<p style=\"text-align: center;\"><strong>Direcci\u00f3n Funeral:<\/strong> Camino a San Antonio S\/N, Los \u00c1ngeles<\/p>","protected":false},"excerpt":{"rendered":"<p>13\/08\/1938 \u2013 16\/08\/2023 Confiamos que el recuerdo de un ser querido se mantendr\u00e1 siempre presente en sus corazones. En Funeraria<\/p>","protected":false},"author":5,"featured_media":7791,"comment_status":"open","ping_status":"open","sticky":false,"template":"","format":"standard","meta":{"footnotes":""},"categories":[1],"tags":[],"class_list":["post-7755","post","type-post","status-publish","format-standard","has-post-thumbnail","hentry","category-o"],"yoast_head":"<!-- This site is optimized with the Yoast SEO plugin v27.5 - https:\/\/yoast.com\/product\/yoast-seo-wordpress\/ -->\n<title>Alfonso Del Carmen Am\u00e9stica Pacheco - Funeraria Concepto<\/title>\n<meta name=\"robots\" content=\"index, follow, max-snippet:-1, max-image-preview:large, max-video-preview:-1\" \/>\n<link rel=\"canonical\" href=\"https:\/\/funerariaconceptochile.cl\/es\/obituarios\/alfonso-del-carmen-amestica-pacheco\/\" \/>\n<meta property=\"og:locale\" content=\"es_ES\" \/>\n<meta property=\"og:type\" content=\"article\" \/>\n<meta property=\"og:title\" content=\"Alfonso Del Carmen Am\u00e9stica Pacheco - Funeraria Concepto\" \/>\n<meta property=\"og:description\" content=\"13\/08\/1938 \u2013 16\/08\/2023 Confiamos que el recuerdo de un ser querido se mantendr\u00e1 siempre presente en sus corazones. En Funeraria\" \/>\n<meta property=\"og:url\" content=\"https:\/\/funerariaconceptochile.cl\/es\/obituarios\/alfonso-del-carmen-amestica-pacheco\/\" \/>\n<meta property=\"og:site_name\" content=\"Funeraria Concepto\" \/>\n<meta property=\"article:published_time\" content=\"2023-08-18T01:57:33+00:00\" \/>\n<meta property=\"article:modified_time\" content=\"2023-08-24T21:19:36+00:00\" \/>\n<meta property=\"og:image\" content=\"https:\/\/funerariaconceptochile.cl\/wp-content\/uploads\/2023\/08\/causante-alfonso-amestica-200x300-1.jpg\" \/>\n\t<meta property=\"og:image:width\" content=\"200\" \/>\n\t<meta property=\"og:image:height\" content=\"300\" \/>\n\t<meta property=\"og:image:type\" content=\"image\/jpeg\" \/>\n<meta name=\"author\" content=\"Obiturarios Concepto\" \/>\n<meta name=\"twitter:card\" content=\"summary_large_image\" \/>\n<meta name=\"twitter:label1\" content=\"Escrito por\" \/>\n\t<meta name=\"twitter:data1\" content=\"\" \/>\n\t<meta name=\"twitter:label2\" content=\"Tiempo de lectura\" \/>\n\t<meta name=\"twitter:data2\" content=\"1 minuto\" \/>\n<script type=\"application\/ld+json\" class=\"yoast-schema-graph\">{\"@context\":\"https:\\\/\\\/schema.org\",\"@graph\":[{\"@type\":\"Article\",\"@id\":\"https:\\\/\\\/funerariaconceptochile.cl\\\/obituarios\\\/alfonso-del-carmen-amestica-pacheco\\\/#article\",\"isPartOf\":{\"@id\":\"https:\\\/\\\/funerariaconceptochile.cl\\\/obituarios\\\/alfonso-del-carmen-amestica-pacheco\\\/\"},\"author\":{\"name\":\"Obiturarios Concepto\",\"@id\":\"https:\\\/\\\/funerariaconceptochile.cl\\\/#\\\/schema\\\/person\\\/778cdec708f417d049efb7a785538d7f\"},\"headline\":\"Alfonso Del Carmen Am\u00e9stica Pacheco\",\"datePublished\":\"2023-08-18T01:57:33+00:00\",\"dateModified\":\"2023-08-24T21:19:36+00:00\",\"mainEntityOfPage\":{\"@id\":\"https:\\\/\\\/funerariaconceptochile.cl\\\/obituarios\\\/alfonso-del-carmen-amestica-pacheco\\\/\"},\"wordCount\":113,\"commentCount\":0,\"image\":{\"@id\":\"https:\\\/\\\/funerariaconceptochile.cl\\\/obituarios\\\/alfonso-del-carmen-amestica-pacheco\\\/#primaryimage\"},\"thumbnailUrl\":\"https:\\\/\\\/funerariaconceptochile.cl\\\/wp-content\\\/uploads\\\/2023\\\/08\\\/causante-alfonso-amestica-200x300-1.jpg\",\"articleSection\":[\"Obituario\"],\"inLanguage\":\"es\",\"potentialAction\":[{\"@type\":\"CommentAction\",\"name\":\"Comment\",\"target\":[\"https:\\\/\\\/funerariaconceptochile.cl\\\/obituarios\\\/alfonso-del-carmen-amestica-pacheco\\\/#respond\"]}]},{\"@type\":\"WebPage\",\"@id\":\"https:\\\/\\\/funerariaconceptochile.cl\\\/obituarios\\\/alfonso-del-carmen-amestica-pacheco\\\/\",\"url\":\"https:\\\/\\\/funerariaconceptochile.cl\\\/obituarios\\\/alfonso-del-carmen-amestica-pacheco\\\/\",\"name\":\"Alfonso Del Carmen Am\u00e9stica Pacheco - Funeraria Concepto\",\"isPartOf\":{\"@id\":\"https:\\\/\\\/funerariaconceptochile.cl\\\/#website\"},\"primaryImageOfPage\":{\"@id\":\"https:\\\/\\\/funerariaconceptochile.cl\\\/obituarios\\\/alfonso-del-carmen-amestica-pacheco\\\/#primaryimage\"},\"image\":{\"@id\":\"https:\\\/\\\/funerariaconceptochile.cl\\\/obituarios\\\/alfonso-del-carmen-amestica-pacheco\\\/#primaryimage\"},\"thumbnailUrl\":\"https:\\\/\\\/funerariaconceptochile.cl\\\/wp-content\\\/uploads\\\/2023\\\/08\\\/causante-alfonso-amestica-200x300-1.jpg\",\"datePublished\":\"2023-08-18T01:57:33+00:00\",\"dateModified\":\"2023-08-24T21:19:36+00:00\",\"author\":{\"@id\":\"https:\\\/\\\/funerariaconceptochile.cl\\\/#\\\/schema\\\/person\\\/778cdec708f417d049efb7a785538d7f\"},\"breadcrumb\":{\"@id\":\"https:\\\/\\\/funerariaconceptochile.cl\\\/obituarios\\\/alfonso-del-carmen-amestica-pacheco\\\/#breadcrumb\"},\"inLanguage\":\"es\",\"potentialAction\":[{\"@type\":\"ReadAction\",\"target\":[\"https:\\\/\\\/funerariaconceptochile.cl\\\/obituarios\\\/alfonso-del-carmen-amestica-pacheco\\\/\"]}]},{\"@type\":\"ImageObject\",\"inLanguage\":\"es\",\"@id\":\"https:\\\/\\\/funerariaconceptochile.cl\\\/obituarios\\\/alfonso-del-carmen-amestica-pacheco\\\/#primaryimage\",\"url\":\"https:\\\/\\\/funerariaconceptochile.cl\\\/wp-content\\\/uploads\\\/2023\\\/08\\\/causante-alfonso-amestica-200x300-1.jpg\",\"contentUrl\":\"https:\\\/\\\/funerariaconceptochile.cl\\\/wp-content\\\/uploads\\\/2023\\\/08\\\/causante-alfonso-amestica-200x300-1.jpg\",\"width\":200,\"height\":300},{\"@type\":\"BreadcrumbList\",\"@id\":\"https:\\\/\\\/funerariaconceptochile.cl\\\/obituarios\\\/alfonso-del-carmen-amestica-pacheco\\\/#breadcrumb\",\"itemListElement\":[{\"@type\":\"ListItem\",\"position\":1,\"name\":\"Portada\",\"item\":\"https:\\\/\\\/funerariaconceptochile.cl\\\/\"},{\"@type\":\"ListItem\",\"position\":2,\"name\":\"Alfonso Del Carmen Am\u00e9stica Pacheco\"}]},{\"@type\":\"WebSite\",\"@id\":\"https:\\\/\\\/funerariaconceptochile.cl\\\/#website\",\"url\":\"https:\\\/\\\/funerariaconceptochile.cl\\\/\",\"name\":\"Funeraria Concepto\",\"description\":\"\",\"potentialAction\":[{\"@type\":\"SearchAction\",\"target\":{\"@type\":\"EntryPoint\",\"urlTemplate\":\"https:\\\/\\\/funerariaconceptochile.cl\\\/?s={search_term_string}\"},\"query-input\":{\"@type\":\"PropertyValueSpecification\",\"valueRequired\":true,\"valueName\":\"search_term_string\"}}],\"inLanguage\":\"es\"},{\"@type\":\"Person\",\"@id\":\"https:\\\/\\\/funerariaconceptochile.cl\\\/#\\\/schema\\\/person\\\/778cdec708f417d049efb7a785538d7f\",\"name\":\"Obiturarios Concepto\",\"url\":\"https:\\\/\\\/funerariaconceptochile.cl\\\/es\\\/obituarios\\\/author\\\/obituarios\\\/\"}]}<\/script>\n<!-- \/ Yoast SEO plugin. -->","yoast_head_json":{"title":"Alfonso Del Carmen Am\u00e9stica Pacheco - Funeraria Concepto","robots":{"index":"index","follow":"follow","max-snippet":"max-snippet:-1","max-image-preview":"max-image-preview:large","max-video-preview":"max-video-preview:-1"},"canonical":"https:\/\/funerariaconceptochile.cl\/es\/obituarios\/alfonso-del-carmen-amestica-pacheco\/","og_locale":"es_ES","og_type":"article","og_title":"Alfonso Del Carmen Am\u00e9stica Pacheco - Funeraria Concepto","og_description":"13\/08\/1938 \u2013 16\/08\/2023 Confiamos que el recuerdo de un ser querido se mantendr\u00e1 siempre presente en sus corazones. En Funeraria","og_url":"https:\/\/funerariaconceptochile.cl\/es\/obituarios\/alfonso-del-carmen-amestica-pacheco\/","og_site_name":"Funeraria Concepto","article_published_time":"2023-08-18T01:57:33+00:00","article_modified_time":"2023-08-24T21:19:36+00:00","og_image":[{"width":200,"height":300,"url":"https:\/\/funerariaconceptochile.cl\/wp-content\/uploads\/2023\/08\/causante-alfonso-amestica-200x300-1.jpg","type":"image\/jpeg"}],"author":"Obiturarios Concepto","twitter_card":"summary_large_image","twitter_misc":{"Escrito por":false,"Tiempo de lectura":"1 minuto"},"schema":{"@context":"https:\/\/schema.org","@graph":[{"@type":"Article","@id":"https:\/\/funerariaconceptochile.cl\/obituarios\/alfonso-del-carmen-amestica-pacheco\/#article","isPartOf":{"@id":"https:\/\/funerariaconceptochile.cl\/obituarios\/alfonso-del-carmen-amestica-pacheco\/"},"author":{"name":"Obiturarios Concepto","@id":"https:\/\/funerariaconceptochile.cl\/#\/schema\/person\/778cdec708f417d049efb7a785538d7f"},"headline":"Alfonso Del Carmen Am\u00e9stica Pacheco","datePublished":"2023-08-18T01:57:33+00:00","dateModified":"2023-08-24T21:19:36+00:00","mainEntityOfPage":{"@id":"https:\/\/funerariaconceptochile.cl\/obituarios\/alfonso-del-carmen-amestica-pacheco\/"},"wordCount":113,"commentCount":0,"image":{"@id":"https:\/\/funerariaconceptochile.cl\/obituarios\/alfonso-del-carmen-amestica-pacheco\/#primaryimage"},"thumbnailUrl":"https:\/\/funerariaconceptochile.cl\/wp-content\/uploads\/2023\/08\/causante-alfonso-amestica-200x300-1.jpg","articleSection":["Obituario"],"inLanguage":"es","potentialAction":[{"@type":"CommentAction","name":"Comment","target":["https:\/\/funerariaconceptochile.cl\/obituarios\/alfonso-del-carmen-amestica-pacheco\/#respond"]}]},{"@type":"WebPage","@id":"https:\/\/funerariaconceptochile.cl\/obituarios\/alfonso-del-carmen-amestica-pacheco\/","url":"https:\/\/funerariaconceptochile.cl\/obituarios\/alfonso-del-carmen-amestica-pacheco\/","name":"Alfonso Del Carmen Am\u00e9stica Pacheco - Funeraria Concepto","isPartOf":{"@id":"https:\/\/funerariaconceptochile.cl\/#website"},"primaryImageOfPage":{"@id":"https:\/\/funerariaconceptochile.cl\/obituarios\/alfonso-del-carmen-amestica-pacheco\/#primaryimage"},"image":{"@id":"https:\/\/funerariaconceptochile.cl\/obituarios\/alfonso-del-carmen-amestica-pacheco\/#primaryimage"},"thumbnailUrl":"https:\/\/funerariaconceptochile.cl\/wp-content\/uploads\/2023\/08\/causante-alfonso-amestica-200x300-1.jpg","datePublished":"2023-08-18T01:57:33+00:00","dateModified":"2023-08-24T21:19:36+00:00","author":{"@id":"https:\/\/funerariaconceptochile.cl\/#\/schema\/person\/778cdec708f417d049efb7a785538d7f"},"breadcrumb":{"@id":"https:\/\/funerariaconceptochile.cl\/obituarios\/alfonso-del-carmen-amestica-pacheco\/#breadcrumb"},"inLanguage":"es","potentialAction":[{"@type":"ReadAction","target":["https:\/\/funerariaconceptochile.cl\/obituarios\/alfonso-del-carmen-amestica-pacheco\/"]}]},{"@type":"ImageObject","inLanguage":"es","@id":"https:\/\/funerariaconceptochile.cl\/obituarios\/alfonso-del-carmen-amestica-pacheco\/#primaryimage","url":"https:\/\/funerariaconceptochile.cl\/wp-content\/uploads\/2023\/08\/causante-alfonso-amestica-200x300-1.jpg","contentUrl":"https:\/\/funerariaconceptochile.cl\/wp-content\/uploads\/2023\/08\/causante-alfonso-amestica-200x300-1.jpg","width":200,"height":300},{"@type":"BreadcrumbList","@id":"https:\/\/funerariaconceptochile.cl\/obituarios\/alfonso-del-carmen-amestica-pacheco\/#breadcrumb","itemListElement":[{"@type":"ListItem","position":1,"name":"Portada","item":"https:\/\/funerariaconceptochile.cl\/"},{"@type":"ListItem","position":2,"name":"Alfonso Del Carmen Am\u00e9stica Pacheco"}]},{"@type":"WebSite","@id":"https:\/\/funerariaconceptochile.cl\/#website","url":"https:\/\/funerariaconceptochile.cl\/","name":"Funeraria Concepto","description":"","potentialAction":[{"@type":"SearchAction","target":{"@type":"EntryPoint","urlTemplate":"https:\/\/funerariaconceptochile.cl\/?s={search_term_string}"},"query-input":{"@type":"PropertyValueSpecification","valueRequired":true,"valueName":"search_term_string"}}],"inLanguage":"es"},{"@type":"Person","@id":"https:\/\/funerariaconceptochile.cl\/#\/schema\/person\/778cdec708f417d049efb7a785538d7f","name":"Obiturarios Concepto","url":"https:\/\/funerariaconceptochile.cl\/es\/obituarios\/author\/obituarios\/"}]}},"_links":{"self":[{"href":"https:\/\/funerariaconceptochile.cl\/es\/wp-json\/wp\/v2\/posts\/7755","targetHints":{"allow":["GET"]}}],"collection":[{"href":"https:\/\/funerariaconceptochile.cl\/es\/wp-json\/wp\/v2\/posts"}],"about":[{"href":"https:\/\/funerariaconceptochile.cl\/es\/wp-json\/wp\/v2\/types\/post"}],"author":[{"embeddable":true,"href":"https:\/\/funerariaconceptochile.cl\/es\/wp-json\/wp\/v2\/users\/5"}],"replies":[{"embeddable":true,"href":"https:\/\/funerariaconceptochile.cl\/es\/wp-json\/wp\/v2\/comments?post=7755"}],"version-history":[{"count":2,"href":"https:\/\/funerariaconceptochile.cl\/es\/wp-json\/wp\/v2\/posts\/7755\/revisions"}],"predecessor-version":[{"id":7792,"href":"https:\/\/funerariaconceptochile.cl\/es\/wp-json\/wp\/v2\/posts\/7755\/revisions\/7792"}],"wp:featuredmedia":[{"embeddable":true,"href":"https:\/\/funerariaconceptochile.cl\/es\/wp-json\/wp\/v2\/media\/7791"}],"wp:attachment":[{"href":"https:\/\/funerariaconceptochile.cl\/es\/wp-json\/wp\/v2\/media?parent=7755"}],"wp:term":[{"taxonomy":"category","embeddable":true,"href":"https:\/\/funerariaconceptochile.cl\/es\/wp-json\/wp\/v2\/categories?post=7755"},{"taxonomy":"post_tag","embeddable":true,"href":"https:\/\/funerariaconceptochile.cl\/es\/wp-json\/wp\/v2\/tags?post=7755"}],"curies":[{"name":"wp","href":"https:\/\/api.w.org\/{rel}","templated":true}]}}