{"id":7729,"date":"2023-08-13T11:02:45","date_gmt":"2023-08-13T15:02:45","guid":{"rendered":"https:\/\/funerariaconceptochile.cl\/?p=7729"},"modified":"2023-08-24T17:22:37","modified_gmt":"2023-08-24T21:22:37","slug":"adela-del-carmen-nunez-pardo","status":"publish","type":"post","link":"https:\/\/funerariaconceptochile.cl\/es\/obituarios\/adela-del-carmen-nunez-pardo\/","title":{"rendered":"Adela Del Carmen N\u00fa\u00f1ez Pardo"},"content":{"rendered":"<div class=\"col-12 p-0\">\n<div class=\"card text-start\">\n<div class=\"obit_name_and_date p-3 py-4 text-center text-md-start\">\n<h4><img loading=\"lazy\" decoding=\"async\" class=\"alignnone size-medium wp-image-7730\" src=\"https:\/\/funerariaconceptochile.cl\/wp-content\/uploads\/2023\/08\/causante-adela-nunez-pardo-231x300.jpg\" alt=\"\" width=\"231\" height=\"300\" \/><\/h4>\n<h4>06\/10\/1941 \u2013 12\/08\/2023<\/h4>\n<\/div>\n<\/div>\n<\/div>\n<div class=\"flex-row d-flex justify-content-end text-dark mt-1 mb-0\"><\/div>\n<p>Confiamos que el recuerdo de un ser querido se mantendr\u00e1 siempre presente en sus corazones. En Funeraria concepto, tenemos el prop\u00f3sito de acompa\u00f1arlos en el homenaje para dignificar la vida en un momento que trasciende, para esto los invitamos a expresar sus condolencias.<\/p>\n<p>&nbsp;<\/p>\n<p><strong>Tarjeta de servicio<\/strong><\/p>\n<p>&nbsp;<\/p>\n<p><strong>Lugar o sala velatorio:<\/strong> Iglesia Sagrada Familia<\/p>\n<p><strong>Direcci\u00f3n:<\/strong> Avenida Guillermo Marconi #710, Los \u00c1ngeles<\/p>\n<p><strong>Lugar Misa:<\/strong> Iglesia Sagrada Familia<\/p>\n<p><strong>Fecha y hora de inicio:<\/strong> 15 Ago 2023; 10.00 am<\/p>\n<p><strong>Direcci\u00f3n:<\/strong> Avenida Guillermo Marconi #710, Los \u00c1ngeles<\/p>\n<p><strong>Lugar Funeral:<\/strong>\u00a0Cementerio Parque Santa Mar\u00eda<\/p>\n<p><strong>Fecha y hora funeral:<\/strong> 15 Ago 2023; 12.00 pm<\/p>\n<p><strong>Direcci\u00f3n Funeral:<\/strong> Av. Las Industrias S\/N, Los \u00c1ngeles<\/p>","protected":false},"excerpt":{"rendered":"<p>06\/10\/1941 \u2013 12\/08\/2023 Confiamos que el recuerdo de un ser querido se mantendr\u00e1 siempre presente en sus corazones. En Funeraria<\/p>","protected":false},"author":5,"featured_media":7797,"comment_status":"open","ping_status":"open","sticky":false,"template":"","format":"standard","meta":{"footnotes":""},"categories":[1],"tags":[],"class_list":["post-7729","post","type-post","status-publish","format-standard","has-post-thumbnail","hentry","category-o"],"yoast_head":"<!-- This site is optimized with the Yoast SEO plugin v27.5 - https:\/\/yoast.com\/product\/yoast-seo-wordpress\/ -->\n<title>Adela Del Carmen N\u00fa\u00f1ez Pardo - Funeraria Concepto<\/title>\n<meta name=\"robots\" content=\"index, follow, max-snippet:-1, max-image-preview:large, max-video-preview:-1\" \/>\n<link rel=\"canonical\" href=\"https:\/\/funerariaconceptochile.cl\/es\/obituarios\/adela-del-carmen-nunez-pardo\/\" \/>\n<meta property=\"og:locale\" content=\"es_ES\" \/>\n<meta property=\"og:type\" content=\"article\" \/>\n<meta property=\"og:title\" content=\"Adela Del Carmen N\u00fa\u00f1ez Pardo - Funeraria Concepto\" \/>\n<meta property=\"og:description\" content=\"06\/10\/1941 \u2013 12\/08\/2023 Confiamos que el recuerdo de un ser querido se mantendr\u00e1 siempre presente en sus corazones. En Funeraria\" \/>\n<meta property=\"og:url\" content=\"https:\/\/funerariaconceptochile.cl\/es\/obituarios\/adela-del-carmen-nunez-pardo\/\" \/>\n<meta property=\"og:site_name\" content=\"Funeraria Concepto\" \/>\n<meta property=\"article:published_time\" content=\"2023-08-13T15:02:45+00:00\" \/>\n<meta property=\"article:modified_time\" content=\"2023-08-24T21:22:37+00:00\" \/>\n<meta property=\"og:image\" content=\"https:\/\/funerariaconceptochile.cl\/wp-content\/uploads\/2023\/08\/Sin-titulo-1.jpg\" \/>\n\t<meta property=\"og:image:width\" content=\"200\" \/>\n\t<meta property=\"og:image:height\" content=\"300\" \/>\n\t<meta property=\"og:image:type\" content=\"image\/jpeg\" \/>\n<meta name=\"author\" content=\"Obiturarios Concepto\" \/>\n<meta name=\"twitter:card\" content=\"summary_large_image\" \/>\n<meta name=\"twitter:label1\" content=\"Escrito por\" \/>\n\t<meta name=\"twitter:data1\" content=\"\" \/>\n\t<meta name=\"twitter:label2\" content=\"Tiempo de lectura\" \/>\n\t<meta name=\"twitter:data2\" content=\"1 minuto\" \/>\n<script type=\"application\/ld+json\" class=\"yoast-schema-graph\">{\"@context\":\"https:\\\/\\\/schema.org\",\"@graph\":[{\"@type\":\"Article\",\"@id\":\"https:\\\/\\\/funerariaconceptochile.cl\\\/obituarios\\\/adela-del-carmen-nunez-pardo\\\/#article\",\"isPartOf\":{\"@id\":\"https:\\\/\\\/funerariaconceptochile.cl\\\/obituarios\\\/adela-del-carmen-nunez-pardo\\\/\"},\"author\":{\"name\":\"Obiturarios Concepto\",\"@id\":\"https:\\\/\\\/funerariaconceptochile.cl\\\/#\\\/schema\\\/person\\\/778cdec708f417d049efb7a785538d7f\"},\"headline\":\"Adela Del Carmen N\u00fa\u00f1ez Pardo\",\"datePublished\":\"2023-08-13T15:02:45+00:00\",\"dateModified\":\"2023-08-24T21:22:37+00:00\",\"mainEntityOfPage\":{\"@id\":\"https:\\\/\\\/funerariaconceptochile.cl\\\/obituarios\\\/adela-del-carmen-nunez-pardo\\\/\"},\"wordCount\":112,\"commentCount\":0,\"image\":{\"@id\":\"https:\\\/\\\/funerariaconceptochile.cl\\\/obituarios\\\/adela-del-carmen-nunez-pardo\\\/#primaryimage\"},\"thumbnailUrl\":\"https:\\\/\\\/funerariaconceptochile.cl\\\/wp-content\\\/uploads\\\/2023\\\/08\\\/Sin-titulo-1.jpg\",\"articleSection\":[\"Obituario\"],\"inLanguage\":\"es\",\"potentialAction\":[{\"@type\":\"CommentAction\",\"name\":\"Comment\",\"target\":[\"https:\\\/\\\/funerariaconceptochile.cl\\\/obituarios\\\/adela-del-carmen-nunez-pardo\\\/#respond\"]}]},{\"@type\":\"WebPage\",\"@id\":\"https:\\\/\\\/funerariaconceptochile.cl\\\/obituarios\\\/adela-del-carmen-nunez-pardo\\\/\",\"url\":\"https:\\\/\\\/funerariaconceptochile.cl\\\/obituarios\\\/adela-del-carmen-nunez-pardo\\\/\",\"name\":\"Adela Del Carmen N\u00fa\u00f1ez Pardo - Funeraria Concepto\",\"isPartOf\":{\"@id\":\"https:\\\/\\\/funerariaconceptochile.cl\\\/#website\"},\"primaryImageOfPage\":{\"@id\":\"https:\\\/\\\/funerariaconceptochile.cl\\\/obituarios\\\/adela-del-carmen-nunez-pardo\\\/#primaryimage\"},\"image\":{\"@id\":\"https:\\\/\\\/funerariaconceptochile.cl\\\/obituarios\\\/adela-del-carmen-nunez-pardo\\\/#primaryimage\"},\"thumbnailUrl\":\"https:\\\/\\\/funerariaconceptochile.cl\\\/wp-content\\\/uploads\\\/2023\\\/08\\\/Sin-titulo-1.jpg\",\"datePublished\":\"2023-08-13T15:02:45+00:00\",\"dateModified\":\"2023-08-24T21:22:37+00:00\",\"author\":{\"@id\":\"https:\\\/\\\/funerariaconceptochile.cl\\\/#\\\/schema\\\/person\\\/778cdec708f417d049efb7a785538d7f\"},\"breadcrumb\":{\"@id\":\"https:\\\/\\\/funerariaconceptochile.cl\\\/obituarios\\\/adela-del-carmen-nunez-pardo\\\/#breadcrumb\"},\"inLanguage\":\"es\",\"potentialAction\":[{\"@type\":\"ReadAction\",\"target\":[\"https:\\\/\\\/funerariaconceptochile.cl\\\/obituarios\\\/adela-del-carmen-nunez-pardo\\\/\"]}]},{\"@type\":\"ImageObject\",\"inLanguage\":\"es\",\"@id\":\"https:\\\/\\\/funerariaconceptochile.cl\\\/obituarios\\\/adela-del-carmen-nunez-pardo\\\/#primaryimage\",\"url\":\"https:\\\/\\\/funerariaconceptochile.cl\\\/wp-content\\\/uploads\\\/2023\\\/08\\\/Sin-titulo-1.jpg\",\"contentUrl\":\"https:\\\/\\\/funerariaconceptochile.cl\\\/wp-content\\\/uploads\\\/2023\\\/08\\\/Sin-titulo-1.jpg\",\"width\":200,\"height\":300},{\"@type\":\"BreadcrumbList\",\"@id\":\"https:\\\/\\\/funerariaconceptochile.cl\\\/obituarios\\\/adela-del-carmen-nunez-pardo\\\/#breadcrumb\",\"itemListElement\":[{\"@type\":\"ListItem\",\"position\":1,\"name\":\"Portada\",\"item\":\"https:\\\/\\\/funerariaconceptochile.cl\\\/\"},{\"@type\":\"ListItem\",\"position\":2,\"name\":\"Adela Del Carmen N\u00fa\u00f1ez Pardo\"}]},{\"@type\":\"WebSite\",\"@id\":\"https:\\\/\\\/funerariaconceptochile.cl\\\/#website\",\"url\":\"https:\\\/\\\/funerariaconceptochile.cl\\\/\",\"name\":\"Funeraria Concepto\",\"description\":\"\",\"potentialAction\":[{\"@type\":\"SearchAction\",\"target\":{\"@type\":\"EntryPoint\",\"urlTemplate\":\"https:\\\/\\\/funerariaconceptochile.cl\\\/?s={search_term_string}\"},\"query-input\":{\"@type\":\"PropertyValueSpecification\",\"valueRequired\":true,\"valueName\":\"search_term_string\"}}],\"inLanguage\":\"es\"},{\"@type\":\"Person\",\"@id\":\"https:\\\/\\\/funerariaconceptochile.cl\\\/#\\\/schema\\\/person\\\/778cdec708f417d049efb7a785538d7f\",\"name\":\"Obiturarios Concepto\",\"url\":\"https:\\\/\\\/funerariaconceptochile.cl\\\/es\\\/obituarios\\\/author\\\/obituarios\\\/\"}]}<\/script>\n<!-- \/ Yoast SEO plugin. -->","yoast_head_json":{"title":"Adela Del Carmen N\u00fa\u00f1ez Pardo - Funeraria Concepto","robots":{"index":"index","follow":"follow","max-snippet":"max-snippet:-1","max-image-preview":"max-image-preview:large","max-video-preview":"max-video-preview:-1"},"canonical":"https:\/\/funerariaconceptochile.cl\/es\/obituarios\/adela-del-carmen-nunez-pardo\/","og_locale":"es_ES","og_type":"article","og_title":"Adela Del Carmen N\u00fa\u00f1ez Pardo - Funeraria Concepto","og_description":"06\/10\/1941 \u2013 12\/08\/2023 Confiamos que el recuerdo de un ser querido se mantendr\u00e1 siempre presente en sus corazones. En Funeraria","og_url":"https:\/\/funerariaconceptochile.cl\/es\/obituarios\/adela-del-carmen-nunez-pardo\/","og_site_name":"Funeraria Concepto","article_published_time":"2023-08-13T15:02:45+00:00","article_modified_time":"2023-08-24T21:22:37+00:00","og_image":[{"width":200,"height":300,"url":"https:\/\/funerariaconceptochile.cl\/wp-content\/uploads\/2023\/08\/Sin-titulo-1.jpg","type":"image\/jpeg"}],"author":"Obiturarios Concepto","twitter_card":"summary_large_image","twitter_misc":{"Escrito por":false,"Tiempo de lectura":"1 minuto"},"schema":{"@context":"https:\/\/schema.org","@graph":[{"@type":"Article","@id":"https:\/\/funerariaconceptochile.cl\/obituarios\/adela-del-carmen-nunez-pardo\/#article","isPartOf":{"@id":"https:\/\/funerariaconceptochile.cl\/obituarios\/adela-del-carmen-nunez-pardo\/"},"author":{"name":"Obiturarios Concepto","@id":"https:\/\/funerariaconceptochile.cl\/#\/schema\/person\/778cdec708f417d049efb7a785538d7f"},"headline":"Adela Del Carmen N\u00fa\u00f1ez Pardo","datePublished":"2023-08-13T15:02:45+00:00","dateModified":"2023-08-24T21:22:37+00:00","mainEntityOfPage":{"@id":"https:\/\/funerariaconceptochile.cl\/obituarios\/adela-del-carmen-nunez-pardo\/"},"wordCount":112,"commentCount":0,"image":{"@id":"https:\/\/funerariaconceptochile.cl\/obituarios\/adela-del-carmen-nunez-pardo\/#primaryimage"},"thumbnailUrl":"https:\/\/funerariaconceptochile.cl\/wp-content\/uploads\/2023\/08\/Sin-titulo-1.jpg","articleSection":["Obituario"],"inLanguage":"es","potentialAction":[{"@type":"CommentAction","name":"Comment","target":["https:\/\/funerariaconceptochile.cl\/obituarios\/adela-del-carmen-nunez-pardo\/#respond"]}]},{"@type":"WebPage","@id":"https:\/\/funerariaconceptochile.cl\/obituarios\/adela-del-carmen-nunez-pardo\/","url":"https:\/\/funerariaconceptochile.cl\/obituarios\/adela-del-carmen-nunez-pardo\/","name":"Adela Del Carmen N\u00fa\u00f1ez Pardo - Funeraria Concepto","isPartOf":{"@id":"https:\/\/funerariaconceptochile.cl\/#website"},"primaryImageOfPage":{"@id":"https:\/\/funerariaconceptochile.cl\/obituarios\/adela-del-carmen-nunez-pardo\/#primaryimage"},"image":{"@id":"https:\/\/funerariaconceptochile.cl\/obituarios\/adela-del-carmen-nunez-pardo\/#primaryimage"},"thumbnailUrl":"https:\/\/funerariaconceptochile.cl\/wp-content\/uploads\/2023\/08\/Sin-titulo-1.jpg","datePublished":"2023-08-13T15:02:45+00:00","dateModified":"2023-08-24T21:22:37+00:00","author":{"@id":"https:\/\/funerariaconceptochile.cl\/#\/schema\/person\/778cdec708f417d049efb7a785538d7f"},"breadcrumb":{"@id":"https:\/\/funerariaconceptochile.cl\/obituarios\/adela-del-carmen-nunez-pardo\/#breadcrumb"},"inLanguage":"es","potentialAction":[{"@type":"ReadAction","target":["https:\/\/funerariaconceptochile.cl\/obituarios\/adela-del-carmen-nunez-pardo\/"]}]},{"@type":"ImageObject","inLanguage":"es","@id":"https:\/\/funerariaconceptochile.cl\/obituarios\/adela-del-carmen-nunez-pardo\/#primaryimage","url":"https:\/\/funerariaconceptochile.cl\/wp-content\/uploads\/2023\/08\/Sin-titulo-1.jpg","contentUrl":"https:\/\/funerariaconceptochile.cl\/wp-content\/uploads\/2023\/08\/Sin-titulo-1.jpg","width":200,"height":300},{"@type":"BreadcrumbList","@id":"https:\/\/funerariaconceptochile.cl\/obituarios\/adela-del-carmen-nunez-pardo\/#breadcrumb","itemListElement":[{"@type":"ListItem","position":1,"name":"Portada","item":"https:\/\/funerariaconceptochile.cl\/"},{"@type":"ListItem","position":2,"name":"Adela Del Carmen N\u00fa\u00f1ez Pardo"}]},{"@type":"WebSite","@id":"https:\/\/funerariaconceptochile.cl\/#website","url":"https:\/\/funerariaconceptochile.cl\/","name":"Funeraria Concepto","description":"","potentialAction":[{"@type":"SearchAction","target":{"@type":"EntryPoint","urlTemplate":"https:\/\/funerariaconceptochile.cl\/?s={search_term_string}"},"query-input":{"@type":"PropertyValueSpecification","valueRequired":true,"valueName":"search_term_string"}}],"inLanguage":"es"},{"@type":"Person","@id":"https:\/\/funerariaconceptochile.cl\/#\/schema\/person\/778cdec708f417d049efb7a785538d7f","name":"Obiturarios Concepto","url":"https:\/\/funerariaconceptochile.cl\/es\/obituarios\/author\/obituarios\/"}]}},"_links":{"self":[{"href":"https:\/\/funerariaconceptochile.cl\/es\/wp-json\/wp\/v2\/posts\/7729","targetHints":{"allow":["GET"]}}],"collection":[{"href":"https:\/\/funerariaconceptochile.cl\/es\/wp-json\/wp\/v2\/posts"}],"about":[{"href":"https:\/\/funerariaconceptochile.cl\/es\/wp-json\/wp\/v2\/types\/post"}],"author":[{"embeddable":true,"href":"https:\/\/funerariaconceptochile.cl\/es\/wp-json\/wp\/v2\/users\/5"}],"replies":[{"embeddable":true,"href":"https:\/\/funerariaconceptochile.cl\/es\/wp-json\/wp\/v2\/comments?post=7729"}],"version-history":[{"count":3,"href":"https:\/\/funerariaconceptochile.cl\/es\/wp-json\/wp\/v2\/posts\/7729\/revisions"}],"predecessor-version":[{"id":7734,"href":"https:\/\/funerariaconceptochile.cl\/es\/wp-json\/wp\/v2\/posts\/7729\/revisions\/7734"}],"wp:featuredmedia":[{"embeddable":true,"href":"https:\/\/funerariaconceptochile.cl\/es\/wp-json\/wp\/v2\/media\/7797"}],"wp:attachment":[{"href":"https:\/\/funerariaconceptochile.cl\/es\/wp-json\/wp\/v2\/media?parent=7729"}],"wp:term":[{"taxonomy":"category","embeddable":true,"href":"https:\/\/funerariaconceptochile.cl\/es\/wp-json\/wp\/v2\/categories?post=7729"},{"taxonomy":"post_tag","embeddable":true,"href":"https:\/\/funerariaconceptochile.cl\/es\/wp-json\/wp\/v2\/tags?post=7729"}],"curies":[{"name":"wp","href":"https:\/\/api.w.org\/{rel}","templated":true}]}}