{"id":7718,"date":"2023-08-11T22:18:24","date_gmt":"2023-08-12T02:18:24","guid":{"rendered":"https:\/\/funerariaconceptochile.cl\/?p=7718"},"modified":"2023-08-12T00:16:34","modified_gmt":"2023-08-12T04:16:34","slug":"juan-alex-caceres-romero","status":"publish","type":"post","link":"https:\/\/funerariaconceptochile.cl\/es\/obituarios\/juan-alex-caceres-romero\/","title":{"rendered":"Juan Alex C\u00e1ceres Romero"},"content":{"rendered":"<div class=\"col-12 p-0\">\n<div class=\"card text-start\">\n<div class=\"obit_name_and_date p-3 py-4 text-center text-md-start\">\n<h4><img loading=\"lazy\" decoding=\"async\" class=\"alignnone size-medium wp-image-7719\" src=\"https:\/\/funerariaconceptochile.cl\/wp-content\/uploads\/2023\/08\/WhatsApp-Image-2023-08-11-at-4.11.53-AM-225x300.jpeg\" alt=\"\" width=\"225\" height=\"300\" srcset=\"https:\/\/funerariaconceptochile.cl\/wp-content\/uploads\/2023\/08\/WhatsApp-Image-2023-08-11-at-4.11.53-AM-225x300.jpeg 225w, https:\/\/funerariaconceptochile.cl\/wp-content\/uploads\/2023\/08\/WhatsApp-Image-2023-08-11-at-4.11.53-AM-600x800.jpeg 600w, https:\/\/funerariaconceptochile.cl\/wp-content\/uploads\/2023\/08\/WhatsApp-Image-2023-08-11-at-4.11.53-AM-400x533.jpeg 400w, https:\/\/funerariaconceptochile.cl\/wp-content\/uploads\/2023\/08\/WhatsApp-Image-2023-08-11-at-4.11.53-AM-150x200.jpeg 150w, https:\/\/funerariaconceptochile.cl\/wp-content\/uploads\/2023\/08\/WhatsApp-Image-2023-08-11-at-4.11.53-AM.jpeg 768w\" sizes=\"auto, (max-width: 225px) 100vw, 225px\" \/><\/h4>\n<h4>15\/09\/1970 \u2013 09\/08\/2023<\/h4>\n<\/div>\n<\/div>\n<\/div>\n<div class=\"flex-row d-flex justify-content-end text-dark mt-1 mb-0\"><\/div>\n<p>Confiamos que el recuerdo de un ser querido se mantendr\u00e1 siempre presente en sus corazones. En Funeraria concepto, tenemos el prop\u00f3sito de acompa\u00f1arlos en el homenaje para dignificar la vida en un momento que trasciende, para esto los invitamos a expresar sus condolencias.<\/p>\n<p>&nbsp;<\/p>\n<p><strong>Tarjeta de servicio<\/strong><\/p>\n<p>&nbsp;<\/p>\n<p><strong>Lugar o sala velatorio:<\/strong> Iglesia Santa Mar\u00eda<\/p>\n<p><strong>Direcci\u00f3n:<\/strong> Avenida Almirante Latorre 277, Los \u00c1ngeles.<\/p>\n<p><strong>Lugar Misa:<\/strong> Iglesia Santa Mar\u00eda<\/p>\n<p><strong>Fecha y hora de inicio:<\/strong> 12 Ago 2023; 11.00 hrs.<\/p>\n<p><strong>Direcci\u00f3n:<\/strong> Avenida Almirante Latorre 277, Los \u00c1ngeles.<\/p>\n<p><strong>Lugar Funeral:<\/strong> Cementerio Cat\u00f3lico de Los \u00c1ngeles<\/p>\n<p><strong>Fecha y hora funeral:<\/strong> 12 Ago 2023; 12.00 hrs<\/p>\n<p><strong>Direcci\u00f3n Funeral:<\/strong> Av. Gabriela Mistral S\/N, Los \u00c1ngeles.<\/p>","protected":false},"excerpt":{"rendered":"<p>15\/09\/1970 \u2013 09\/08\/2023 Confiamos que el recuerdo de un ser querido se mantendr\u00e1 siempre presente en sus corazones. En Funeraria<\/p>","protected":false},"author":5,"featured_media":7727,"comment_status":"open","ping_status":"open","sticky":false,"template":"","format":"standard","meta":{"footnotes":""},"categories":[1],"tags":[],"class_list":["post-7718","post","type-post","status-publish","format-standard","has-post-thumbnail","hentry","category-o"],"yoast_head":"<!-- This site is optimized with the Yoast SEO plugin v27.5 - https:\/\/yoast.com\/product\/yoast-seo-wordpress\/ -->\n<title>Juan Alex C\u00e1ceres Romero - Funeraria Concepto<\/title>\n<meta name=\"robots\" content=\"index, follow, max-snippet:-1, max-image-preview:large, max-video-preview:-1\" \/>\n<link rel=\"canonical\" href=\"https:\/\/funerariaconceptochile.cl\/es\/obituarios\/juan-alex-caceres-romero\/\" \/>\n<meta property=\"og:locale\" content=\"es_ES\" \/>\n<meta property=\"og:type\" content=\"article\" \/>\n<meta property=\"og:title\" content=\"Juan Alex C\u00e1ceres Romero - Funeraria Concepto\" \/>\n<meta property=\"og:description\" content=\"15\/09\/1970 \u2013 09\/08\/2023 Confiamos que el recuerdo de un ser querido se mantendr\u00e1 siempre presente en sus corazones. En Funeraria\" \/>\n<meta property=\"og:url\" content=\"https:\/\/funerariaconceptochile.cl\/es\/obituarios\/juan-alex-caceres-romero\/\" \/>\n<meta property=\"og:site_name\" content=\"Funeraria Concepto\" \/>\n<meta property=\"article:published_time\" content=\"2023-08-12T02:18:24+00:00\" \/>\n<meta property=\"article:modified_time\" content=\"2023-08-12T04:16:34+00:00\" \/>\n<meta property=\"og:image\" content=\"https:\/\/funerariaconceptochile.cl\/wp-content\/uploads\/2023\/08\/WhatsApp-Image-2023-08-11-at-4.11.53-AM-1.jpeg\" \/>\n\t<meta property=\"og:image:width\" content=\"200\" \/>\n\t<meta property=\"og:image:height\" content=\"300\" \/>\n\t<meta property=\"og:image:type\" content=\"image\/jpeg\" \/>\n<meta name=\"author\" content=\"Obiturarios Concepto\" \/>\n<meta name=\"twitter:card\" content=\"summary_large_image\" \/>\n<meta name=\"twitter:label1\" content=\"Escrito por\" \/>\n\t<meta name=\"twitter:data1\" content=\"\" \/>\n\t<meta name=\"twitter:label2\" content=\"Tiempo de lectura\" \/>\n\t<meta name=\"twitter:data2\" content=\"1 minuto\" \/>\n<script type=\"application\/ld+json\" class=\"yoast-schema-graph\">{\"@context\":\"https:\\\/\\\/schema.org\",\"@graph\":[{\"@type\":\"Article\",\"@id\":\"https:\\\/\\\/funerariaconceptochile.cl\\\/obituarios\\\/juan-alex-caceres-romero\\\/#article\",\"isPartOf\":{\"@id\":\"https:\\\/\\\/funerariaconceptochile.cl\\\/obituarios\\\/juan-alex-caceres-romero\\\/\"},\"author\":{\"name\":\"Obiturarios Concepto\",\"@id\":\"https:\\\/\\\/funerariaconceptochile.cl\\\/#\\\/schema\\\/person\\\/778cdec708f417d049efb7a785538d7f\"},\"headline\":\"Juan Alex C\u00e1ceres Romero\",\"datePublished\":\"2023-08-12T02:18:24+00:00\",\"dateModified\":\"2023-08-12T04:16:34+00:00\",\"mainEntityOfPage\":{\"@id\":\"https:\\\/\\\/funerariaconceptochile.cl\\\/obituarios\\\/juan-alex-caceres-romero\\\/\"},\"wordCount\":114,\"commentCount\":0,\"image\":{\"@id\":\"https:\\\/\\\/funerariaconceptochile.cl\\\/obituarios\\\/juan-alex-caceres-romero\\\/#primaryimage\"},\"thumbnailUrl\":\"https:\\\/\\\/funerariaconceptochile.cl\\\/wp-content\\\/uploads\\\/2023\\\/08\\\/WhatsApp-Image-2023-08-11-at-4.11.53-AM-1.jpeg\",\"articleSection\":[\"Obituario\"],\"inLanguage\":\"es\",\"potentialAction\":[{\"@type\":\"CommentAction\",\"name\":\"Comment\",\"target\":[\"https:\\\/\\\/funerariaconceptochile.cl\\\/obituarios\\\/juan-alex-caceres-romero\\\/#respond\"]}]},{\"@type\":\"WebPage\",\"@id\":\"https:\\\/\\\/funerariaconceptochile.cl\\\/obituarios\\\/juan-alex-caceres-romero\\\/\",\"url\":\"https:\\\/\\\/funerariaconceptochile.cl\\\/obituarios\\\/juan-alex-caceres-romero\\\/\",\"name\":\"Juan Alex C\u00e1ceres Romero - Funeraria Concepto\",\"isPartOf\":{\"@id\":\"https:\\\/\\\/funerariaconceptochile.cl\\\/#website\"},\"primaryImageOfPage\":{\"@id\":\"https:\\\/\\\/funerariaconceptochile.cl\\\/obituarios\\\/juan-alex-caceres-romero\\\/#primaryimage\"},\"image\":{\"@id\":\"https:\\\/\\\/funerariaconceptochile.cl\\\/obituarios\\\/juan-alex-caceres-romero\\\/#primaryimage\"},\"thumbnailUrl\":\"https:\\\/\\\/funerariaconceptochile.cl\\\/wp-content\\\/uploads\\\/2023\\\/08\\\/WhatsApp-Image-2023-08-11-at-4.11.53-AM-1.jpeg\",\"datePublished\":\"2023-08-12T02:18:24+00:00\",\"dateModified\":\"2023-08-12T04:16:34+00:00\",\"author\":{\"@id\":\"https:\\\/\\\/funerariaconceptochile.cl\\\/#\\\/schema\\\/person\\\/778cdec708f417d049efb7a785538d7f\"},\"breadcrumb\":{\"@id\":\"https:\\\/\\\/funerariaconceptochile.cl\\\/obituarios\\\/juan-alex-caceres-romero\\\/#breadcrumb\"},\"inLanguage\":\"es\",\"potentialAction\":[{\"@type\":\"ReadAction\",\"target\":[\"https:\\\/\\\/funerariaconceptochile.cl\\\/obituarios\\\/juan-alex-caceres-romero\\\/\"]}]},{\"@type\":\"ImageObject\",\"inLanguage\":\"es\",\"@id\":\"https:\\\/\\\/funerariaconceptochile.cl\\\/obituarios\\\/juan-alex-caceres-romero\\\/#primaryimage\",\"url\":\"https:\\\/\\\/funerariaconceptochile.cl\\\/wp-content\\\/uploads\\\/2023\\\/08\\\/WhatsApp-Image-2023-08-11-at-4.11.53-AM-1.jpeg\",\"contentUrl\":\"https:\\\/\\\/funerariaconceptochile.cl\\\/wp-content\\\/uploads\\\/2023\\\/08\\\/WhatsApp-Image-2023-08-11-at-4.11.53-AM-1.jpeg\",\"width\":200,\"height\":300},{\"@type\":\"BreadcrumbList\",\"@id\":\"https:\\\/\\\/funerariaconceptochile.cl\\\/obituarios\\\/juan-alex-caceres-romero\\\/#breadcrumb\",\"itemListElement\":[{\"@type\":\"ListItem\",\"position\":1,\"name\":\"Portada\",\"item\":\"https:\\\/\\\/funerariaconceptochile.cl\\\/\"},{\"@type\":\"ListItem\",\"position\":2,\"name\":\"Juan Alex C\u00e1ceres Romero\"}]},{\"@type\":\"WebSite\",\"@id\":\"https:\\\/\\\/funerariaconceptochile.cl\\\/#website\",\"url\":\"https:\\\/\\\/funerariaconceptochile.cl\\\/\",\"name\":\"Funeraria Concepto\",\"description\":\"\",\"potentialAction\":[{\"@type\":\"SearchAction\",\"target\":{\"@type\":\"EntryPoint\",\"urlTemplate\":\"https:\\\/\\\/funerariaconceptochile.cl\\\/?s={search_term_string}\"},\"query-input\":{\"@type\":\"PropertyValueSpecification\",\"valueRequired\":true,\"valueName\":\"search_term_string\"}}],\"inLanguage\":\"es\"},{\"@type\":\"Person\",\"@id\":\"https:\\\/\\\/funerariaconceptochile.cl\\\/#\\\/schema\\\/person\\\/778cdec708f417d049efb7a785538d7f\",\"name\":\"Obiturarios Concepto\",\"url\":\"https:\\\/\\\/funerariaconceptochile.cl\\\/es\\\/obituarios\\\/author\\\/obituarios\\\/\"}]}<\/script>\n<!-- \/ Yoast SEO plugin. -->","yoast_head_json":{"title":"Juan Alex C\u00e1ceres Romero - Funeraria Concepto","robots":{"index":"index","follow":"follow","max-snippet":"max-snippet:-1","max-image-preview":"max-image-preview:large","max-video-preview":"max-video-preview:-1"},"canonical":"https:\/\/funerariaconceptochile.cl\/es\/obituarios\/juan-alex-caceres-romero\/","og_locale":"es_ES","og_type":"article","og_title":"Juan Alex C\u00e1ceres Romero - Funeraria Concepto","og_description":"15\/09\/1970 \u2013 09\/08\/2023 Confiamos que el recuerdo de un ser querido se mantendr\u00e1 siempre presente en sus corazones. En Funeraria","og_url":"https:\/\/funerariaconceptochile.cl\/es\/obituarios\/juan-alex-caceres-romero\/","og_site_name":"Funeraria Concepto","article_published_time":"2023-08-12T02:18:24+00:00","article_modified_time":"2023-08-12T04:16:34+00:00","og_image":[{"width":200,"height":300,"url":"https:\/\/funerariaconceptochile.cl\/wp-content\/uploads\/2023\/08\/WhatsApp-Image-2023-08-11-at-4.11.53-AM-1.jpeg","type":"image\/jpeg"}],"author":"Obiturarios Concepto","twitter_card":"summary_large_image","twitter_misc":{"Escrito por":false,"Tiempo de lectura":"1 minuto"},"schema":{"@context":"https:\/\/schema.org","@graph":[{"@type":"Article","@id":"https:\/\/funerariaconceptochile.cl\/obituarios\/juan-alex-caceres-romero\/#article","isPartOf":{"@id":"https:\/\/funerariaconceptochile.cl\/obituarios\/juan-alex-caceres-romero\/"},"author":{"name":"Obiturarios Concepto","@id":"https:\/\/funerariaconceptochile.cl\/#\/schema\/person\/778cdec708f417d049efb7a785538d7f"},"headline":"Juan Alex C\u00e1ceres Romero","datePublished":"2023-08-12T02:18:24+00:00","dateModified":"2023-08-12T04:16:34+00:00","mainEntityOfPage":{"@id":"https:\/\/funerariaconceptochile.cl\/obituarios\/juan-alex-caceres-romero\/"},"wordCount":114,"commentCount":0,"image":{"@id":"https:\/\/funerariaconceptochile.cl\/obituarios\/juan-alex-caceres-romero\/#primaryimage"},"thumbnailUrl":"https:\/\/funerariaconceptochile.cl\/wp-content\/uploads\/2023\/08\/WhatsApp-Image-2023-08-11-at-4.11.53-AM-1.jpeg","articleSection":["Obituario"],"inLanguage":"es","potentialAction":[{"@type":"CommentAction","name":"Comment","target":["https:\/\/funerariaconceptochile.cl\/obituarios\/juan-alex-caceres-romero\/#respond"]}]},{"@type":"WebPage","@id":"https:\/\/funerariaconceptochile.cl\/obituarios\/juan-alex-caceres-romero\/","url":"https:\/\/funerariaconceptochile.cl\/obituarios\/juan-alex-caceres-romero\/","name":"Juan Alex C\u00e1ceres Romero - Funeraria Concepto","isPartOf":{"@id":"https:\/\/funerariaconceptochile.cl\/#website"},"primaryImageOfPage":{"@id":"https:\/\/funerariaconceptochile.cl\/obituarios\/juan-alex-caceres-romero\/#primaryimage"},"image":{"@id":"https:\/\/funerariaconceptochile.cl\/obituarios\/juan-alex-caceres-romero\/#primaryimage"},"thumbnailUrl":"https:\/\/funerariaconceptochile.cl\/wp-content\/uploads\/2023\/08\/WhatsApp-Image-2023-08-11-at-4.11.53-AM-1.jpeg","datePublished":"2023-08-12T02:18:24+00:00","dateModified":"2023-08-12T04:16:34+00:00","author":{"@id":"https:\/\/funerariaconceptochile.cl\/#\/schema\/person\/778cdec708f417d049efb7a785538d7f"},"breadcrumb":{"@id":"https:\/\/funerariaconceptochile.cl\/obituarios\/juan-alex-caceres-romero\/#breadcrumb"},"inLanguage":"es","potentialAction":[{"@type":"ReadAction","target":["https:\/\/funerariaconceptochile.cl\/obituarios\/juan-alex-caceres-romero\/"]}]},{"@type":"ImageObject","inLanguage":"es","@id":"https:\/\/funerariaconceptochile.cl\/obituarios\/juan-alex-caceres-romero\/#primaryimage","url":"https:\/\/funerariaconceptochile.cl\/wp-content\/uploads\/2023\/08\/WhatsApp-Image-2023-08-11-at-4.11.53-AM-1.jpeg","contentUrl":"https:\/\/funerariaconceptochile.cl\/wp-content\/uploads\/2023\/08\/WhatsApp-Image-2023-08-11-at-4.11.53-AM-1.jpeg","width":200,"height":300},{"@type":"BreadcrumbList","@id":"https:\/\/funerariaconceptochile.cl\/obituarios\/juan-alex-caceres-romero\/#breadcrumb","itemListElement":[{"@type":"ListItem","position":1,"name":"Portada","item":"https:\/\/funerariaconceptochile.cl\/"},{"@type":"ListItem","position":2,"name":"Juan Alex C\u00e1ceres Romero"}]},{"@type":"WebSite","@id":"https:\/\/funerariaconceptochile.cl\/#website","url":"https:\/\/funerariaconceptochile.cl\/","name":"Funeraria Concepto","description":"","potentialAction":[{"@type":"SearchAction","target":{"@type":"EntryPoint","urlTemplate":"https:\/\/funerariaconceptochile.cl\/?s={search_term_string}"},"query-input":{"@type":"PropertyValueSpecification","valueRequired":true,"valueName":"search_term_string"}}],"inLanguage":"es"},{"@type":"Person","@id":"https:\/\/funerariaconceptochile.cl\/#\/schema\/person\/778cdec708f417d049efb7a785538d7f","name":"Obiturarios Concepto","url":"https:\/\/funerariaconceptochile.cl\/es\/obituarios\/author\/obituarios\/"}]}},"_links":{"self":[{"href":"https:\/\/funerariaconceptochile.cl\/es\/wp-json\/wp\/v2\/posts\/7718","targetHints":{"allow":["GET"]}}],"collection":[{"href":"https:\/\/funerariaconceptochile.cl\/es\/wp-json\/wp\/v2\/posts"}],"about":[{"href":"https:\/\/funerariaconceptochile.cl\/es\/wp-json\/wp\/v2\/types\/post"}],"author":[{"embeddable":true,"href":"https:\/\/funerariaconceptochile.cl\/es\/wp-json\/wp\/v2\/users\/5"}],"replies":[{"embeddable":true,"href":"https:\/\/funerariaconceptochile.cl\/es\/wp-json\/wp\/v2\/comments?post=7718"}],"version-history":[{"count":1,"href":"https:\/\/funerariaconceptochile.cl\/es\/wp-json\/wp\/v2\/posts\/7718\/revisions"}],"predecessor-version":[{"id":7720,"href":"https:\/\/funerariaconceptochile.cl\/es\/wp-json\/wp\/v2\/posts\/7718\/revisions\/7720"}],"wp:featuredmedia":[{"embeddable":true,"href":"https:\/\/funerariaconceptochile.cl\/es\/wp-json\/wp\/v2\/media\/7727"}],"wp:attachment":[{"href":"https:\/\/funerariaconceptochile.cl\/es\/wp-json\/wp\/v2\/media?parent=7718"}],"wp:term":[{"taxonomy":"category","embeddable":true,"href":"https:\/\/funerariaconceptochile.cl\/es\/wp-json\/wp\/v2\/categories?post=7718"},{"taxonomy":"post_tag","embeddable":true,"href":"https:\/\/funerariaconceptochile.cl\/es\/wp-json\/wp\/v2\/tags?post=7718"}],"curies":[{"name":"wp","href":"https:\/\/api.w.org\/{rel}","templated":true}]}}