{"id":7680,"date":"2023-08-09T22:33:35","date_gmt":"2023-08-09T22:33:35","guid":{"rendered":"https:\/\/funerariaconceptochile.cl\/?p=7680"},"modified":"2023-08-09T22:33:35","modified_gmt":"2023-08-09T22:33:35","slug":"jose-miguel-munoz-pinilla","status":"publish","type":"post","link":"https:\/\/funerariaconceptochile.cl\/es\/obituarios\/jose-miguel-munoz-pinilla\/","title":{"rendered":"Jos\u00e9 Miguel Mu\u00f1oz Pinilla"},"content":{"rendered":"<h4><img decoding=\"async\" class=\"aligncenter\" src=\"https:\/\/cdn.obituary-assistant.com\/filters:strip_exif()\/fit-in\/200x300\/filters:fill(white)\/prod\/1222\/373456\/HbVvG5TKujo7PPu4obituariojosemuoz.jpg\" \/><\/h4>\n<h4 style=\"text-align: center;\">06\/10\/1950 &#8211;<\/h4>\n<p style=\"text-align: center;\">Confiamos que el recuerdo de un ser querido se mantendr\u00e1 siempre presente en sus corazones. En Funeraria concepto, tenemos el prop\u00f3sito de acompa\u00f1arlos en el homenaje para dignificar la vida en un momento que trasciende, para esto los invitamos a expresar sus condolencias.<\/p>\n<p style=\"text-align: center;\">\n<p style=\"text-align: center;\"><strong>Tarjeta de servicio<\/strong><\/p>\n<p style=\"text-align: center;\">\n<p style=\"text-align: center;\"><strong>Lugar o sala velatorio:<\/strong> Domicilio particular<\/p>\n<p style=\"text-align: center;\"><strong>Direcci\u00f3n:<\/strong> Camino al Peral, Los \u00c1ngeles<\/p>\n<p style=\"text-align: center;\"><strong>Lugar Misa:<\/strong> Domicilio particular<\/p>\n<p style=\"text-align: center;\"><strong>Fecha y hora de inicio:<\/strong> 26 Jul 2023; 14.30 hrs<\/p>\n<p style=\"text-align: center;\"><strong>Direcci\u00f3n:<\/strong> Camino al Peral, Los \u00c1ngeles<\/p>\n<p style=\"text-align: center;\"><strong>Lugar Funeral:<\/strong> Cementerio General de Los \u00c1ngeles<\/p>\n<p style=\"text-align: center;\"><strong>Fecha y hora funeral:<\/strong> 26 Jul 2023; 16.00 hrs<\/p>\n<p style=\"text-align: center;\"><strong>Direcci\u00f3n Funeral:<\/strong> Camino a San Antonio S\/N, Los \u00c1ngeles.<\/p>","protected":false},"excerpt":{"rendered":"<p>06\/10\/1950 &#8211; Confiamos que el recuerdo de un ser querido se mantendr\u00e1 siempre presente en sus corazones. En Funeraria concepto,<\/p>","protected":false},"author":2,"featured_media":7681,"comment_status":"closed","ping_status":"open","sticky":false,"template":"","format":"standard","meta":{"footnotes":""},"categories":[1],"tags":[],"class_list":["post-7680","post","type-post","status-publish","format-standard","has-post-thumbnail","hentry","category-o"],"yoast_head":"<!-- This site is optimized with the Yoast SEO plugin v27.5 - https:\/\/yoast.com\/product\/yoast-seo-wordpress\/ -->\n<title>Jos\u00e9 Miguel Mu\u00f1oz Pinilla - Funeraria Concepto<\/title>\n<meta name=\"robots\" content=\"index, follow, max-snippet:-1, max-image-preview:large, max-video-preview:-1\" \/>\n<link rel=\"canonical\" href=\"https:\/\/funerariaconceptochile.cl\/es\/obituarios\/jose-miguel-munoz-pinilla\/\" \/>\n<meta property=\"og:locale\" content=\"es_ES\" \/>\n<meta property=\"og:type\" content=\"article\" \/>\n<meta property=\"og:title\" content=\"Jos\u00e9 Miguel Mu\u00f1oz Pinilla - Funeraria Concepto\" \/>\n<meta property=\"og:description\" content=\"06\/10\/1950 &#8211; Confiamos que el recuerdo de un ser querido se mantendr\u00e1 siempre presente en sus corazones. En Funeraria concepto,\" \/>\n<meta property=\"og:url\" content=\"https:\/\/funerariaconceptochile.cl\/es\/obituarios\/jose-miguel-munoz-pinilla\/\" \/>\n<meta property=\"og:site_name\" content=\"Funeraria Concepto\" \/>\n<meta property=\"article:published_time\" content=\"2023-08-09T22:33:35+00:00\" \/>\n<meta property=\"og:image\" content=\"https:\/\/funerariaconceptochile.cl\/wp-content\/uploads\/2023\/08\/HbVvG5TKujo7PPu4obituariojosemuoz.jpg\" \/>\n\t<meta property=\"og:image:width\" content=\"200\" \/>\n\t<meta property=\"og:image:height\" content=\"300\" \/>\n\t<meta property=\"og:image:type\" content=\"image\/jpeg\" \/>\n<meta name=\"author\" content=\"funerariaconceptochile\" \/>\n<meta name=\"twitter:card\" content=\"summary_large_image\" \/>\n<meta name=\"twitter:label1\" content=\"Escrito por\" \/>\n\t<meta name=\"twitter:data1\" content=\"\" \/>\n\t<meta name=\"twitter:label2\" content=\"Tiempo de lectura\" \/>\n\t<meta name=\"twitter:data2\" content=\"1 minuto\" \/>\n<script type=\"application\/ld+json\" class=\"yoast-schema-graph\">{\"@context\":\"https:\\\/\\\/schema.org\",\"@graph\":[{\"@type\":\"Article\",\"@id\":\"https:\\\/\\\/funerariaconceptochile.cl\\\/obituarios\\\/jose-miguel-munoz-pinilla\\\/#article\",\"isPartOf\":{\"@id\":\"https:\\\/\\\/funerariaconceptochile.cl\\\/obituarios\\\/jose-miguel-munoz-pinilla\\\/\"},\"author\":{\"name\":\"funerariaconceptochile\",\"@id\":\"https:\\\/\\\/funerariaconceptochile.cl\\\/#\\\/schema\\\/person\\\/79c609e805024cd4101d00aacbde1cde\"},\"headline\":\"Jos\u00e9 Miguel Mu\u00f1oz Pinilla\",\"datePublished\":\"2023-08-09T22:33:35+00:00\",\"mainEntityOfPage\":{\"@id\":\"https:\\\/\\\/funerariaconceptochile.cl\\\/obituarios\\\/jose-miguel-munoz-pinilla\\\/\"},\"wordCount\":109,\"image\":{\"@id\":\"https:\\\/\\\/funerariaconceptochile.cl\\\/obituarios\\\/jose-miguel-munoz-pinilla\\\/#primaryimage\"},\"thumbnailUrl\":\"https:\\\/\\\/funerariaconceptochile.cl\\\/wp-content\\\/uploads\\\/2023\\\/08\\\/HbVvG5TKujo7PPu4obituariojosemuoz.jpg\",\"articleSection\":[\"Obituario\"],\"inLanguage\":\"es\"},{\"@type\":\"WebPage\",\"@id\":\"https:\\\/\\\/funerariaconceptochile.cl\\\/obituarios\\\/jose-miguel-munoz-pinilla\\\/\",\"url\":\"https:\\\/\\\/funerariaconceptochile.cl\\\/obituarios\\\/jose-miguel-munoz-pinilla\\\/\",\"name\":\"Jos\u00e9 Miguel Mu\u00f1oz Pinilla - Funeraria Concepto\",\"isPartOf\":{\"@id\":\"https:\\\/\\\/funerariaconceptochile.cl\\\/#website\"},\"primaryImageOfPage\":{\"@id\":\"https:\\\/\\\/funerariaconceptochile.cl\\\/obituarios\\\/jose-miguel-munoz-pinilla\\\/#primaryimage\"},\"image\":{\"@id\":\"https:\\\/\\\/funerariaconceptochile.cl\\\/obituarios\\\/jose-miguel-munoz-pinilla\\\/#primaryimage\"},\"thumbnailUrl\":\"https:\\\/\\\/funerariaconceptochile.cl\\\/wp-content\\\/uploads\\\/2023\\\/08\\\/HbVvG5TKujo7PPu4obituariojosemuoz.jpg\",\"datePublished\":\"2023-08-09T22:33:35+00:00\",\"author\":{\"@id\":\"https:\\\/\\\/funerariaconceptochile.cl\\\/#\\\/schema\\\/person\\\/79c609e805024cd4101d00aacbde1cde\"},\"breadcrumb\":{\"@id\":\"https:\\\/\\\/funerariaconceptochile.cl\\\/obituarios\\\/jose-miguel-munoz-pinilla\\\/#breadcrumb\"},\"inLanguage\":\"es\",\"potentialAction\":[{\"@type\":\"ReadAction\",\"target\":[\"https:\\\/\\\/funerariaconceptochile.cl\\\/obituarios\\\/jose-miguel-munoz-pinilla\\\/\"]}]},{\"@type\":\"ImageObject\",\"inLanguage\":\"es\",\"@id\":\"https:\\\/\\\/funerariaconceptochile.cl\\\/obituarios\\\/jose-miguel-munoz-pinilla\\\/#primaryimage\",\"url\":\"https:\\\/\\\/funerariaconceptochile.cl\\\/wp-content\\\/uploads\\\/2023\\\/08\\\/HbVvG5TKujo7PPu4obituariojosemuoz.jpg\",\"contentUrl\":\"https:\\\/\\\/funerariaconceptochile.cl\\\/wp-content\\\/uploads\\\/2023\\\/08\\\/HbVvG5TKujo7PPu4obituariojosemuoz.jpg\",\"width\":200,\"height\":300},{\"@type\":\"BreadcrumbList\",\"@id\":\"https:\\\/\\\/funerariaconceptochile.cl\\\/obituarios\\\/jose-miguel-munoz-pinilla\\\/#breadcrumb\",\"itemListElement\":[{\"@type\":\"ListItem\",\"position\":1,\"name\":\"Portada\",\"item\":\"https:\\\/\\\/funerariaconceptochile.cl\\\/\"},{\"@type\":\"ListItem\",\"position\":2,\"name\":\"Jos\u00e9 Miguel Mu\u00f1oz Pinilla\"}]},{\"@type\":\"WebSite\",\"@id\":\"https:\\\/\\\/funerariaconceptochile.cl\\\/#website\",\"url\":\"https:\\\/\\\/funerariaconceptochile.cl\\\/\",\"name\":\"Funeraria Concepto\",\"description\":\"\",\"potentialAction\":[{\"@type\":\"SearchAction\",\"target\":{\"@type\":\"EntryPoint\",\"urlTemplate\":\"https:\\\/\\\/funerariaconceptochile.cl\\\/?s={search_term_string}\"},\"query-input\":{\"@type\":\"PropertyValueSpecification\",\"valueRequired\":true,\"valueName\":\"search_term_string\"}}],\"inLanguage\":\"es\"},{\"@type\":\"Person\",\"@id\":\"https:\\\/\\\/funerariaconceptochile.cl\\\/#\\\/schema\\\/person\\\/79c609e805024cd4101d00aacbde1cde\",\"name\":\"funerariaconceptochile\",\"url\":\"https:\\\/\\\/funerariaconceptochile.cl\\\/es\\\/obituarios\\\/author\\\/funerariaconceptochile\\\/\"}]}<\/script>\n<!-- \/ Yoast SEO plugin. -->","yoast_head_json":{"title":"Jos\u00e9 Miguel Mu\u00f1oz Pinilla - Funeraria Concepto","robots":{"index":"index","follow":"follow","max-snippet":"max-snippet:-1","max-image-preview":"max-image-preview:large","max-video-preview":"max-video-preview:-1"},"canonical":"https:\/\/funerariaconceptochile.cl\/es\/obituarios\/jose-miguel-munoz-pinilla\/","og_locale":"es_ES","og_type":"article","og_title":"Jos\u00e9 Miguel Mu\u00f1oz Pinilla - Funeraria Concepto","og_description":"06\/10\/1950 &#8211; Confiamos que el recuerdo de un ser querido se mantendr\u00e1 siempre presente en sus corazones. En Funeraria concepto,","og_url":"https:\/\/funerariaconceptochile.cl\/es\/obituarios\/jose-miguel-munoz-pinilla\/","og_site_name":"Funeraria Concepto","article_published_time":"2023-08-09T22:33:35+00:00","og_image":[{"width":200,"height":300,"url":"https:\/\/funerariaconceptochile.cl\/wp-content\/uploads\/2023\/08\/HbVvG5TKujo7PPu4obituariojosemuoz.jpg","type":"image\/jpeg"}],"author":"funerariaconceptochile","twitter_card":"summary_large_image","twitter_misc":{"Escrito por":false,"Tiempo de lectura":"1 minuto"},"schema":{"@context":"https:\/\/schema.org","@graph":[{"@type":"Article","@id":"https:\/\/funerariaconceptochile.cl\/obituarios\/jose-miguel-munoz-pinilla\/#article","isPartOf":{"@id":"https:\/\/funerariaconceptochile.cl\/obituarios\/jose-miguel-munoz-pinilla\/"},"author":{"name":"funerariaconceptochile","@id":"https:\/\/funerariaconceptochile.cl\/#\/schema\/person\/79c609e805024cd4101d00aacbde1cde"},"headline":"Jos\u00e9 Miguel Mu\u00f1oz Pinilla","datePublished":"2023-08-09T22:33:35+00:00","mainEntityOfPage":{"@id":"https:\/\/funerariaconceptochile.cl\/obituarios\/jose-miguel-munoz-pinilla\/"},"wordCount":109,"image":{"@id":"https:\/\/funerariaconceptochile.cl\/obituarios\/jose-miguel-munoz-pinilla\/#primaryimage"},"thumbnailUrl":"https:\/\/funerariaconceptochile.cl\/wp-content\/uploads\/2023\/08\/HbVvG5TKujo7PPu4obituariojosemuoz.jpg","articleSection":["Obituario"],"inLanguage":"es"},{"@type":"WebPage","@id":"https:\/\/funerariaconceptochile.cl\/obituarios\/jose-miguel-munoz-pinilla\/","url":"https:\/\/funerariaconceptochile.cl\/obituarios\/jose-miguel-munoz-pinilla\/","name":"Jos\u00e9 Miguel Mu\u00f1oz Pinilla - Funeraria Concepto","isPartOf":{"@id":"https:\/\/funerariaconceptochile.cl\/#website"},"primaryImageOfPage":{"@id":"https:\/\/funerariaconceptochile.cl\/obituarios\/jose-miguel-munoz-pinilla\/#primaryimage"},"image":{"@id":"https:\/\/funerariaconceptochile.cl\/obituarios\/jose-miguel-munoz-pinilla\/#primaryimage"},"thumbnailUrl":"https:\/\/funerariaconceptochile.cl\/wp-content\/uploads\/2023\/08\/HbVvG5TKujo7PPu4obituariojosemuoz.jpg","datePublished":"2023-08-09T22:33:35+00:00","author":{"@id":"https:\/\/funerariaconceptochile.cl\/#\/schema\/person\/79c609e805024cd4101d00aacbde1cde"},"breadcrumb":{"@id":"https:\/\/funerariaconceptochile.cl\/obituarios\/jose-miguel-munoz-pinilla\/#breadcrumb"},"inLanguage":"es","potentialAction":[{"@type":"ReadAction","target":["https:\/\/funerariaconceptochile.cl\/obituarios\/jose-miguel-munoz-pinilla\/"]}]},{"@type":"ImageObject","inLanguage":"es","@id":"https:\/\/funerariaconceptochile.cl\/obituarios\/jose-miguel-munoz-pinilla\/#primaryimage","url":"https:\/\/funerariaconceptochile.cl\/wp-content\/uploads\/2023\/08\/HbVvG5TKujo7PPu4obituariojosemuoz.jpg","contentUrl":"https:\/\/funerariaconceptochile.cl\/wp-content\/uploads\/2023\/08\/HbVvG5TKujo7PPu4obituariojosemuoz.jpg","width":200,"height":300},{"@type":"BreadcrumbList","@id":"https:\/\/funerariaconceptochile.cl\/obituarios\/jose-miguel-munoz-pinilla\/#breadcrumb","itemListElement":[{"@type":"ListItem","position":1,"name":"Portada","item":"https:\/\/funerariaconceptochile.cl\/"},{"@type":"ListItem","position":2,"name":"Jos\u00e9 Miguel Mu\u00f1oz Pinilla"}]},{"@type":"WebSite","@id":"https:\/\/funerariaconceptochile.cl\/#website","url":"https:\/\/funerariaconceptochile.cl\/","name":"Funeraria Concepto","description":"","potentialAction":[{"@type":"SearchAction","target":{"@type":"EntryPoint","urlTemplate":"https:\/\/funerariaconceptochile.cl\/?s={search_term_string}"},"query-input":{"@type":"PropertyValueSpecification","valueRequired":true,"valueName":"search_term_string"}}],"inLanguage":"es"},{"@type":"Person","@id":"https:\/\/funerariaconceptochile.cl\/#\/schema\/person\/79c609e805024cd4101d00aacbde1cde","name":"funerariaconceptochile","url":"https:\/\/funerariaconceptochile.cl\/es\/obituarios\/author\/funerariaconceptochile\/"}]}},"_links":{"self":[{"href":"https:\/\/funerariaconceptochile.cl\/es\/wp-json\/wp\/v2\/posts\/7680","targetHints":{"allow":["GET"]}}],"collection":[{"href":"https:\/\/funerariaconceptochile.cl\/es\/wp-json\/wp\/v2\/posts"}],"about":[{"href":"https:\/\/funerariaconceptochile.cl\/es\/wp-json\/wp\/v2\/types\/post"}],"author":[{"embeddable":true,"href":"https:\/\/funerariaconceptochile.cl\/es\/wp-json\/wp\/v2\/users\/2"}],"replies":[{"embeddable":true,"href":"https:\/\/funerariaconceptochile.cl\/es\/wp-json\/wp\/v2\/comments?post=7680"}],"version-history":[{"count":1,"href":"https:\/\/funerariaconceptochile.cl\/es\/wp-json\/wp\/v2\/posts\/7680\/revisions"}],"predecessor-version":[{"id":7682,"href":"https:\/\/funerariaconceptochile.cl\/es\/wp-json\/wp\/v2\/posts\/7680\/revisions\/7682"}],"wp:featuredmedia":[{"embeddable":true,"href":"https:\/\/funerariaconceptochile.cl\/es\/wp-json\/wp\/v2\/media\/7681"}],"wp:attachment":[{"href":"https:\/\/funerariaconceptochile.cl\/es\/wp-json\/wp\/v2\/media?parent=7680"}],"wp:term":[{"taxonomy":"category","embeddable":true,"href":"https:\/\/funerariaconceptochile.cl\/es\/wp-json\/wp\/v2\/categories?post=7680"},{"taxonomy":"post_tag","embeddable":true,"href":"https:\/\/funerariaconceptochile.cl\/es\/wp-json\/wp\/v2\/tags?post=7680"}],"curies":[{"name":"wp","href":"https:\/\/api.w.org\/{rel}","templated":true}]}}