{"id":10770,"date":"2025-07-20T17:50:38","date_gmt":"2025-07-20T21:50:38","guid":{"rendered":"https:\/\/funerariaconceptochile.cl\/?p=10770"},"modified":"2025-07-21T21:45:53","modified_gmt":"2025-07-22T01:45:53","slug":"maria-rebeca-perez-verdugo","status":"publish","type":"post","link":"https:\/\/funerariaconceptochile.cl\/es\/obituarios\/maria-rebeca-perez-verdugo\/","title":{"rendered":"Mar\u00eda Rebeca Perez Verdugo"},"content":{"rendered":"<p><img loading=\"lazy\" decoding=\"async\" class=\"alignnone size-full wp-image-10771 aligncenter\" src=\"https:\/\/funerariaconceptochile.cl\/wp-content\/uploads\/2025\/07\/obituario_mariaperez.jpg\" alt=\"\" width=\"200\" height=\"300\" srcset=\"https:\/\/funerariaconceptochile.cl\/wp-content\/uploads\/2025\/07\/obituario_mariaperez.jpg 200w, https:\/\/funerariaconceptochile.cl\/wp-content\/uploads\/2025\/07\/obituario_mariaperez-8x12.jpg 8w, https:\/\/funerariaconceptochile.cl\/wp-content\/uploads\/2025\/07\/obituario_mariaperez-150x225.jpg 150w\" sizes=\"auto, (max-width: 200px) 100vw, 200px\" \/><\/p>\n<p style=\"text-align: center\"><strong>14\/01\/1953 \u2013 20\/07\/2025<\/strong><\/p>\n<p style=\"text-align: center\">Confiamos que el recuerdo de un ser querido se mantendr\u00e1 siempre presente en sus corazones. En Funeraria concepto, tenemos el prop\u00f3sito de acompa\u00f1arlos en el homenaje para dignificar la vida en un momento que trasciende, para esto los invitamos a expresar sus condolencias.<\/p>\n<p style=\"text-align: center\"><strong>Tarjeta de servicio<\/strong><\/p>\n<p style=\"text-align: center\"><strong>Lugar o sala velatorio:<\/strong> Sede Club Adulto Mayor La Paz, Villa Genesis<\/p>\n<p style=\"text-align: center\"><strong>Direcci\u00f3n:<\/strong> Pasaje El Costillar 300, Villa Genesis<\/p>\n<p style=\"text-align: center\"><strong>Lugar Misa:<\/strong> Iglesia Jesus de Nazareth<\/p>\n<p style=\"text-align: center\"><strong>Fecha y hora de inicio:<\/strong> 22 de julio 2025; 10:30 hrs<\/p>\n<p style=\"text-align: center\"><strong>Direcci\u00f3n:<\/strong> <em>Avenida Valle del Monasterio 250, Villa Galilea, Los \u00c1ngeles<\/em><\/p>\n<p style=\"text-align: center\"><strong>Lugar Funeral:<\/strong> Cementerio General, Los \u00c1ngeles<\/p>\n<p style=\"text-align: center\"><strong>Fecha y hora funeral:<\/strong> 22 de julio 2025; 12:00 Hrs.<\/p>\n<p style=\"text-align: center\"><strong>Direcci\u00f3n Funeral:\u00a0<\/strong>Camino a San Antonio S\/N, Los \u00c1ngeles<\/p>","protected":false},"excerpt":{"rendered":"<p>14\/01\/1953 \u2013 20\/07\/2025 Confiamos que el recuerdo de un ser querido se mantendr\u00e1 siempre presente en sus corazones. En Funeraria<\/p>","protected":false},"author":5,"featured_media":10771,"comment_status":"open","ping_status":"open","sticky":false,"template":"","format":"standard","meta":{"footnotes":""},"categories":[1],"tags":[],"class_list":["post-10770","post","type-post","status-publish","format-standard","has-post-thumbnail","hentry","category-o"],"yoast_head":"<!-- This site is optimized with the Yoast SEO plugin v27.5 - https:\/\/yoast.com\/product\/yoast-seo-wordpress\/ -->\n<title>Mar\u00eda Rebeca Perez Verdugo - Funeraria Concepto<\/title>\n<meta name=\"robots\" content=\"index, follow, max-snippet:-1, max-image-preview:large, max-video-preview:-1\" \/>\n<link rel=\"canonical\" href=\"https:\/\/funerariaconceptochile.cl\/es\/obituarios\/maria-rebeca-perez-verdugo\/\" \/>\n<meta property=\"og:locale\" content=\"es_ES\" \/>\n<meta property=\"og:type\" content=\"article\" \/>\n<meta property=\"og:title\" content=\"Mar\u00eda Rebeca Perez Verdugo - Funeraria Concepto\" \/>\n<meta property=\"og:description\" content=\"14\/01\/1953 \u2013 20\/07\/2025 Confiamos que el recuerdo de un ser querido se mantendr\u00e1 siempre presente en sus corazones. En Funeraria\" \/>\n<meta property=\"og:url\" content=\"https:\/\/funerariaconceptochile.cl\/es\/obituarios\/maria-rebeca-perez-verdugo\/\" \/>\n<meta property=\"og:site_name\" content=\"Funeraria Concepto\" \/>\n<meta property=\"article:published_time\" content=\"2025-07-20T21:50:38+00:00\" \/>\n<meta property=\"article:modified_time\" content=\"2025-07-22T01:45:53+00:00\" \/>\n<meta property=\"og:image\" content=\"https:\/\/funerariaconceptochile.cl\/wp-content\/uploads\/2025\/07\/obituario_mariaperez.jpg\" \/>\n\t<meta property=\"og:image:width\" content=\"200\" \/>\n\t<meta property=\"og:image:height\" content=\"300\" \/>\n\t<meta property=\"og:image:type\" content=\"image\/jpeg\" \/>\n<meta name=\"author\" content=\"Obiturarios Concepto\" \/>\n<meta name=\"twitter:card\" content=\"summary_large_image\" \/>\n<meta name=\"twitter:label1\" content=\"Escrito por\" \/>\n\t<meta name=\"twitter:data1\" content=\"\" \/>\n\t<meta name=\"twitter:label2\" content=\"Tiempo de lectura\" \/>\n\t<meta name=\"twitter:data2\" content=\"1 minuto\" \/>\n<script type=\"application\/ld+json\" class=\"yoast-schema-graph\">{\"@context\":\"https:\\\/\\\/schema.org\",\"@graph\":[{\"@type\":\"Article\",\"@id\":\"https:\\\/\\\/funerariaconceptochile.cl\\\/obituarios\\\/maria-rebeca-perez-verdugo\\\/#article\",\"isPartOf\":{\"@id\":\"https:\\\/\\\/funerariaconceptochile.cl\\\/obituarios\\\/maria-rebeca-perez-verdugo\\\/\"},\"author\":{\"name\":\"Obiturarios Concepto\",\"@id\":\"https:\\\/\\\/funerariaconceptochile.cl\\\/#\\\/schema\\\/person\\\/778cdec708f417d049efb7a785538d7f\"},\"headline\":\"Mar\u00eda Rebeca Perez Verdugo\",\"datePublished\":\"2025-07-20T21:50:38+00:00\",\"dateModified\":\"2025-07-22T01:45:53+00:00\",\"mainEntityOfPage\":{\"@id\":\"https:\\\/\\\/funerariaconceptochile.cl\\\/obituarios\\\/maria-rebeca-perez-verdugo\\\/\"},\"wordCount\":120,\"commentCount\":0,\"image\":{\"@id\":\"https:\\\/\\\/funerariaconceptochile.cl\\\/obituarios\\\/maria-rebeca-perez-verdugo\\\/#primaryimage\"},\"thumbnailUrl\":\"https:\\\/\\\/funerariaconceptochile.cl\\\/wp-content\\\/uploads\\\/2025\\\/07\\\/obituario_mariaperez.jpg\",\"articleSection\":[\"Obituario\"],\"inLanguage\":\"es\",\"potentialAction\":[{\"@type\":\"CommentAction\",\"name\":\"Comment\",\"target\":[\"https:\\\/\\\/funerariaconceptochile.cl\\\/obituarios\\\/maria-rebeca-perez-verdugo\\\/#respond\"]}]},{\"@type\":\"WebPage\",\"@id\":\"https:\\\/\\\/funerariaconceptochile.cl\\\/obituarios\\\/maria-rebeca-perez-verdugo\\\/\",\"url\":\"https:\\\/\\\/funerariaconceptochile.cl\\\/obituarios\\\/maria-rebeca-perez-verdugo\\\/\",\"name\":\"Mar\u00eda Rebeca Perez Verdugo - Funeraria Concepto\",\"isPartOf\":{\"@id\":\"https:\\\/\\\/funerariaconceptochile.cl\\\/#website\"},\"primaryImageOfPage\":{\"@id\":\"https:\\\/\\\/funerariaconceptochile.cl\\\/obituarios\\\/maria-rebeca-perez-verdugo\\\/#primaryimage\"},\"image\":{\"@id\":\"https:\\\/\\\/funerariaconceptochile.cl\\\/obituarios\\\/maria-rebeca-perez-verdugo\\\/#primaryimage\"},\"thumbnailUrl\":\"https:\\\/\\\/funerariaconceptochile.cl\\\/wp-content\\\/uploads\\\/2025\\\/07\\\/obituario_mariaperez.jpg\",\"datePublished\":\"2025-07-20T21:50:38+00:00\",\"dateModified\":\"2025-07-22T01:45:53+00:00\",\"author\":{\"@id\":\"https:\\\/\\\/funerariaconceptochile.cl\\\/#\\\/schema\\\/person\\\/778cdec708f417d049efb7a785538d7f\"},\"breadcrumb\":{\"@id\":\"https:\\\/\\\/funerariaconceptochile.cl\\\/obituarios\\\/maria-rebeca-perez-verdugo\\\/#breadcrumb\"},\"inLanguage\":\"es\",\"potentialAction\":[{\"@type\":\"ReadAction\",\"target\":[\"https:\\\/\\\/funerariaconceptochile.cl\\\/obituarios\\\/maria-rebeca-perez-verdugo\\\/\"]}]},{\"@type\":\"ImageObject\",\"inLanguage\":\"es\",\"@id\":\"https:\\\/\\\/funerariaconceptochile.cl\\\/obituarios\\\/maria-rebeca-perez-verdugo\\\/#primaryimage\",\"url\":\"https:\\\/\\\/funerariaconceptochile.cl\\\/wp-content\\\/uploads\\\/2025\\\/07\\\/obituario_mariaperez.jpg\",\"contentUrl\":\"https:\\\/\\\/funerariaconceptochile.cl\\\/wp-content\\\/uploads\\\/2025\\\/07\\\/obituario_mariaperez.jpg\",\"width\":200,\"height\":300},{\"@type\":\"BreadcrumbList\",\"@id\":\"https:\\\/\\\/funerariaconceptochile.cl\\\/obituarios\\\/maria-rebeca-perez-verdugo\\\/#breadcrumb\",\"itemListElement\":[{\"@type\":\"ListItem\",\"position\":1,\"name\":\"Portada\",\"item\":\"https:\\\/\\\/funerariaconceptochile.cl\\\/\"},{\"@type\":\"ListItem\",\"position\":2,\"name\":\"Mar\u00eda Rebeca Perez Verdugo\"}]},{\"@type\":\"WebSite\",\"@id\":\"https:\\\/\\\/funerariaconceptochile.cl\\\/#website\",\"url\":\"https:\\\/\\\/funerariaconceptochile.cl\\\/\",\"name\":\"Funeraria Concepto\",\"description\":\"\",\"potentialAction\":[{\"@type\":\"SearchAction\",\"target\":{\"@type\":\"EntryPoint\",\"urlTemplate\":\"https:\\\/\\\/funerariaconceptochile.cl\\\/?s={search_term_string}\"},\"query-input\":{\"@type\":\"PropertyValueSpecification\",\"valueRequired\":true,\"valueName\":\"search_term_string\"}}],\"inLanguage\":\"es\"},{\"@type\":\"Person\",\"@id\":\"https:\\\/\\\/funerariaconceptochile.cl\\\/#\\\/schema\\\/person\\\/778cdec708f417d049efb7a785538d7f\",\"name\":\"Obiturarios Concepto\",\"url\":\"https:\\\/\\\/funerariaconceptochile.cl\\\/es\\\/obituarios\\\/author\\\/obituarios\\\/\"}]}<\/script>\n<!-- \/ Yoast SEO plugin. -->","yoast_head_json":{"title":"Mar\u00eda Rebeca Perez Verdugo - Funeraria Concepto","robots":{"index":"index","follow":"follow","max-snippet":"max-snippet:-1","max-image-preview":"max-image-preview:large","max-video-preview":"max-video-preview:-1"},"canonical":"https:\/\/funerariaconceptochile.cl\/es\/obituarios\/maria-rebeca-perez-verdugo\/","og_locale":"es_ES","og_type":"article","og_title":"Mar\u00eda Rebeca Perez Verdugo - Funeraria Concepto","og_description":"14\/01\/1953 \u2013 20\/07\/2025 Confiamos que el recuerdo de un ser querido se mantendr\u00e1 siempre presente en sus corazones. En Funeraria","og_url":"https:\/\/funerariaconceptochile.cl\/es\/obituarios\/maria-rebeca-perez-verdugo\/","og_site_name":"Funeraria Concepto","article_published_time":"2025-07-20T21:50:38+00:00","article_modified_time":"2025-07-22T01:45:53+00:00","og_image":[{"width":200,"height":300,"url":"https:\/\/funerariaconceptochile.cl\/wp-content\/uploads\/2025\/07\/obituario_mariaperez.jpg","type":"image\/jpeg"}],"author":"Obiturarios Concepto","twitter_card":"summary_large_image","twitter_misc":{"Escrito por":false,"Tiempo de lectura":"1 minuto"},"schema":{"@context":"https:\/\/schema.org","@graph":[{"@type":"Article","@id":"https:\/\/funerariaconceptochile.cl\/obituarios\/maria-rebeca-perez-verdugo\/#article","isPartOf":{"@id":"https:\/\/funerariaconceptochile.cl\/obituarios\/maria-rebeca-perez-verdugo\/"},"author":{"name":"Obiturarios Concepto","@id":"https:\/\/funerariaconceptochile.cl\/#\/schema\/person\/778cdec708f417d049efb7a785538d7f"},"headline":"Mar\u00eda Rebeca Perez Verdugo","datePublished":"2025-07-20T21:50:38+00:00","dateModified":"2025-07-22T01:45:53+00:00","mainEntityOfPage":{"@id":"https:\/\/funerariaconceptochile.cl\/obituarios\/maria-rebeca-perez-verdugo\/"},"wordCount":120,"commentCount":0,"image":{"@id":"https:\/\/funerariaconceptochile.cl\/obituarios\/maria-rebeca-perez-verdugo\/#primaryimage"},"thumbnailUrl":"https:\/\/funerariaconceptochile.cl\/wp-content\/uploads\/2025\/07\/obituario_mariaperez.jpg","articleSection":["Obituario"],"inLanguage":"es","potentialAction":[{"@type":"CommentAction","name":"Comment","target":["https:\/\/funerariaconceptochile.cl\/obituarios\/maria-rebeca-perez-verdugo\/#respond"]}]},{"@type":"WebPage","@id":"https:\/\/funerariaconceptochile.cl\/obituarios\/maria-rebeca-perez-verdugo\/","url":"https:\/\/funerariaconceptochile.cl\/obituarios\/maria-rebeca-perez-verdugo\/","name":"Mar\u00eda Rebeca Perez Verdugo - Funeraria Concepto","isPartOf":{"@id":"https:\/\/funerariaconceptochile.cl\/#website"},"primaryImageOfPage":{"@id":"https:\/\/funerariaconceptochile.cl\/obituarios\/maria-rebeca-perez-verdugo\/#primaryimage"},"image":{"@id":"https:\/\/funerariaconceptochile.cl\/obituarios\/maria-rebeca-perez-verdugo\/#primaryimage"},"thumbnailUrl":"https:\/\/funerariaconceptochile.cl\/wp-content\/uploads\/2025\/07\/obituario_mariaperez.jpg","datePublished":"2025-07-20T21:50:38+00:00","dateModified":"2025-07-22T01:45:53+00:00","author":{"@id":"https:\/\/funerariaconceptochile.cl\/#\/schema\/person\/778cdec708f417d049efb7a785538d7f"},"breadcrumb":{"@id":"https:\/\/funerariaconceptochile.cl\/obituarios\/maria-rebeca-perez-verdugo\/#breadcrumb"},"inLanguage":"es","potentialAction":[{"@type":"ReadAction","target":["https:\/\/funerariaconceptochile.cl\/obituarios\/maria-rebeca-perez-verdugo\/"]}]},{"@type":"ImageObject","inLanguage":"es","@id":"https:\/\/funerariaconceptochile.cl\/obituarios\/maria-rebeca-perez-verdugo\/#primaryimage","url":"https:\/\/funerariaconceptochile.cl\/wp-content\/uploads\/2025\/07\/obituario_mariaperez.jpg","contentUrl":"https:\/\/funerariaconceptochile.cl\/wp-content\/uploads\/2025\/07\/obituario_mariaperez.jpg","width":200,"height":300},{"@type":"BreadcrumbList","@id":"https:\/\/funerariaconceptochile.cl\/obituarios\/maria-rebeca-perez-verdugo\/#breadcrumb","itemListElement":[{"@type":"ListItem","position":1,"name":"Portada","item":"https:\/\/funerariaconceptochile.cl\/"},{"@type":"ListItem","position":2,"name":"Mar\u00eda Rebeca Perez Verdugo"}]},{"@type":"WebSite","@id":"https:\/\/funerariaconceptochile.cl\/#website","url":"https:\/\/funerariaconceptochile.cl\/","name":"Funeraria Concepto","description":"","potentialAction":[{"@type":"SearchAction","target":{"@type":"EntryPoint","urlTemplate":"https:\/\/funerariaconceptochile.cl\/?s={search_term_string}"},"query-input":{"@type":"PropertyValueSpecification","valueRequired":true,"valueName":"search_term_string"}}],"inLanguage":"es"},{"@type":"Person","@id":"https:\/\/funerariaconceptochile.cl\/#\/schema\/person\/778cdec708f417d049efb7a785538d7f","name":"Obiturarios Concepto","url":"https:\/\/funerariaconceptochile.cl\/es\/obituarios\/author\/obituarios\/"}]}},"_links":{"self":[{"href":"https:\/\/funerariaconceptochile.cl\/es\/wp-json\/wp\/v2\/posts\/10770","targetHints":{"allow":["GET"]}}],"collection":[{"href":"https:\/\/funerariaconceptochile.cl\/es\/wp-json\/wp\/v2\/posts"}],"about":[{"href":"https:\/\/funerariaconceptochile.cl\/es\/wp-json\/wp\/v2\/types\/post"}],"author":[{"embeddable":true,"href":"https:\/\/funerariaconceptochile.cl\/es\/wp-json\/wp\/v2\/users\/5"}],"replies":[{"embeddable":true,"href":"https:\/\/funerariaconceptochile.cl\/es\/wp-json\/wp\/v2\/comments?post=10770"}],"version-history":[{"count":3,"href":"https:\/\/funerariaconceptochile.cl\/es\/wp-json\/wp\/v2\/posts\/10770\/revisions"}],"predecessor-version":[{"id":10779,"href":"https:\/\/funerariaconceptochile.cl\/es\/wp-json\/wp\/v2\/posts\/10770\/revisions\/10779"}],"wp:featuredmedia":[{"embeddable":true,"href":"https:\/\/funerariaconceptochile.cl\/es\/wp-json\/wp\/v2\/media\/10771"}],"wp:attachment":[{"href":"https:\/\/funerariaconceptochile.cl\/es\/wp-json\/wp\/v2\/media?parent=10770"}],"wp:term":[{"taxonomy":"category","embeddable":true,"href":"https:\/\/funerariaconceptochile.cl\/es\/wp-json\/wp\/v2\/categories?post=10770"},{"taxonomy":"post_tag","embeddable":true,"href":"https:\/\/funerariaconceptochile.cl\/es\/wp-json\/wp\/v2\/tags?post=10770"}],"curies":[{"name":"wp","href":"https:\/\/api.w.org\/{rel}","templated":true}]}}