{"id":10539,"date":"2025-06-07T15:34:22","date_gmt":"2025-06-07T19:34:22","guid":{"rendered":"https:\/\/funerariaconceptochile.cl\/?p=10539"},"modified":"2025-06-07T15:34:22","modified_gmt":"2025-06-07T19:34:22","slug":"elsa-nelly-baeza-hermosilla","status":"publish","type":"post","link":"https:\/\/funerariaconceptochile.cl\/es\/obituarios\/elsa-nelly-baeza-hermosilla\/","title":{"rendered":"Elsa Nelly Baeza Hermosilla"},"content":{"rendered":"<p><img loading=\"lazy\" decoding=\"async\" class=\"alignnone size-full wp-image-10540 aligncenter\" src=\"https:\/\/funerariaconceptochile.cl\/wp-content\/uploads\/2025\/06\/funerariaconcepto_elsabaezahermosilla-copia.jpeg\" alt=\"\" width=\"200\" height=\"300\" srcset=\"https:\/\/funerariaconceptochile.cl\/wp-content\/uploads\/2025\/06\/funerariaconcepto_elsabaezahermosilla-copia.jpeg 200w, https:\/\/funerariaconceptochile.cl\/wp-content\/uploads\/2025\/06\/funerariaconcepto_elsabaezahermosilla-copia-150x225.jpeg 150w\" sizes=\"auto, (max-width: 200px) 100vw, 200px\" \/><\/p>\n<p style=\"text-align: center\"><strong>20\/06\/1947 \u2013 07\/06\/2025<\/strong><\/p>\n<p style=\"text-align: center\">Confiamos que el recuerdo de un ser querido se mantendr\u00e1 siempre presente en sus corazones. En Funeraria concepto, tenemos el prop\u00f3sito de acompa\u00f1arlos en el homenaje para dignificar la vida en un momento que trasciende, para esto los invitamos a expresar sus condolencias.<\/p>\n<p style=\"text-align: center\"><strong>Tarjeta de servicio<\/strong><\/p>\n<p style=\"text-align: center\"><strong>Lugar o sala velatorio:<\/strong> Domicilio particular<\/p>\n<p style=\"text-align: center\"><strong>Direcci\u00f3n:<\/strong> Hijuela el Diamante, Sector el Guindo, Camino Antuco<\/p>\n<p style=\"text-align: center\"><strong>Lugar Responso:<\/strong> Sin informaci\u00f3n pendiente por confirmar<\/p>\n<p style=\"text-align: center\"><strong>Fecha y hora de inicio: <\/strong>Sin informaci\u00f3n pendiente por confirmar<\/p>\n<p style=\"text-align: center\"><strong>Direcci\u00f3n:<\/strong> Sin informaci\u00f3n pendiente por confirmar<\/p>\n<p style=\"text-align: center\"><strong>Lugar Funeral:<\/strong>\u00a0Cementerio General, Los \u00c1ngeles.<\/p>\n<p style=\"text-align: center\"><strong>Fecha y hora funeral:<\/strong> 09 de junio 2025; Hrs por confirmar.<\/p>\n<p style=\"text-align: center\"><strong>Direcci\u00f3n Funeral:\u00a0<\/strong>Camino a San Antonio S\/N, Los \u00c1ngeles<\/p>","protected":false},"excerpt":{"rendered":"<p>20\/06\/1947 \u2013 07\/06\/2025 Confiamos que el recuerdo de un ser querido se mantendr\u00e1 siempre presente en sus corazones. En Funeraria<\/p>","protected":false},"author":5,"featured_media":10540,"comment_status":"open","ping_status":"open","sticky":false,"template":"","format":"standard","meta":{"footnotes":""},"categories":[1],"tags":[],"class_list":["post-10539","post","type-post","status-publish","format-standard","has-post-thumbnail","hentry","category-o"],"yoast_head":"<!-- This site is optimized with the Yoast SEO plugin v27.5 - https:\/\/yoast.com\/product\/yoast-seo-wordpress\/ -->\n<title>Elsa Nelly Baeza Hermosilla - Funeraria Concepto<\/title>\n<meta name=\"robots\" content=\"index, follow, max-snippet:-1, max-image-preview:large, max-video-preview:-1\" \/>\n<link rel=\"canonical\" href=\"https:\/\/funerariaconceptochile.cl\/es\/obituarios\/elsa-nelly-baeza-hermosilla\/\" \/>\n<meta property=\"og:locale\" content=\"es_ES\" \/>\n<meta property=\"og:type\" content=\"article\" \/>\n<meta property=\"og:title\" content=\"Elsa Nelly Baeza Hermosilla - Funeraria Concepto\" \/>\n<meta property=\"og:description\" content=\"20\/06\/1947 \u2013 07\/06\/2025 Confiamos que el recuerdo de un ser querido se mantendr\u00e1 siempre presente en sus corazones. En Funeraria\" \/>\n<meta property=\"og:url\" content=\"https:\/\/funerariaconceptochile.cl\/es\/obituarios\/elsa-nelly-baeza-hermosilla\/\" \/>\n<meta property=\"og:site_name\" content=\"Funeraria Concepto\" \/>\n<meta property=\"article:published_time\" content=\"2025-06-07T19:34:22+00:00\" \/>\n<meta property=\"og:image\" content=\"https:\/\/funerariaconceptochile.cl\/wp-content\/uploads\/2025\/06\/funerariaconcepto_elsabaezahermosilla-copia.jpeg\" \/>\n\t<meta property=\"og:image:width\" content=\"200\" \/>\n\t<meta property=\"og:image:height\" content=\"300\" \/>\n\t<meta property=\"og:image:type\" content=\"image\/jpeg\" \/>\n<meta name=\"author\" content=\"Obiturarios Concepto\" \/>\n<meta name=\"twitter:card\" content=\"summary_large_image\" \/>\n<meta name=\"twitter:label1\" content=\"Escrito por\" \/>\n\t<meta name=\"twitter:data1\" content=\"\" \/>\n\t<meta name=\"twitter:label2\" content=\"Tiempo de lectura\" \/>\n\t<meta name=\"twitter:data2\" content=\"1 minuto\" \/>\n<script type=\"application\/ld+json\" class=\"yoast-schema-graph\">{\"@context\":\"https:\\\/\\\/schema.org\",\"@graph\":[{\"@type\":\"Article\",\"@id\":\"https:\\\/\\\/funerariaconceptochile.cl\\\/obituarios\\\/elsa-nelly-baeza-hermosilla\\\/#article\",\"isPartOf\":{\"@id\":\"https:\\\/\\\/funerariaconceptochile.cl\\\/obituarios\\\/elsa-nelly-baeza-hermosilla\\\/\"},\"author\":{\"name\":\"Obiturarios Concepto\",\"@id\":\"https:\\\/\\\/funerariaconceptochile.cl\\\/#\\\/schema\\\/person\\\/778cdec708f417d049efb7a785538d7f\"},\"headline\":\"Elsa Nelly Baeza Hermosilla\",\"datePublished\":\"2025-06-07T19:34:22+00:00\",\"mainEntityOfPage\":{\"@id\":\"https:\\\/\\\/funerariaconceptochile.cl\\\/obituarios\\\/elsa-nelly-baeza-hermosilla\\\/\"},\"wordCount\":121,\"commentCount\":0,\"image\":{\"@id\":\"https:\\\/\\\/funerariaconceptochile.cl\\\/obituarios\\\/elsa-nelly-baeza-hermosilla\\\/#primaryimage\"},\"thumbnailUrl\":\"https:\\\/\\\/funerariaconceptochile.cl\\\/wp-content\\\/uploads\\\/2025\\\/06\\\/funerariaconcepto_elsabaezahermosilla-copia.jpeg\",\"articleSection\":[\"Obituario\"],\"inLanguage\":\"es\",\"potentialAction\":[{\"@type\":\"CommentAction\",\"name\":\"Comment\",\"target\":[\"https:\\\/\\\/funerariaconceptochile.cl\\\/obituarios\\\/elsa-nelly-baeza-hermosilla\\\/#respond\"]}]},{\"@type\":\"WebPage\",\"@id\":\"https:\\\/\\\/funerariaconceptochile.cl\\\/obituarios\\\/elsa-nelly-baeza-hermosilla\\\/\",\"url\":\"https:\\\/\\\/funerariaconceptochile.cl\\\/obituarios\\\/elsa-nelly-baeza-hermosilla\\\/\",\"name\":\"Elsa Nelly Baeza Hermosilla - Funeraria Concepto\",\"isPartOf\":{\"@id\":\"https:\\\/\\\/funerariaconceptochile.cl\\\/#website\"},\"primaryImageOfPage\":{\"@id\":\"https:\\\/\\\/funerariaconceptochile.cl\\\/obituarios\\\/elsa-nelly-baeza-hermosilla\\\/#primaryimage\"},\"image\":{\"@id\":\"https:\\\/\\\/funerariaconceptochile.cl\\\/obituarios\\\/elsa-nelly-baeza-hermosilla\\\/#primaryimage\"},\"thumbnailUrl\":\"https:\\\/\\\/funerariaconceptochile.cl\\\/wp-content\\\/uploads\\\/2025\\\/06\\\/funerariaconcepto_elsabaezahermosilla-copia.jpeg\",\"datePublished\":\"2025-06-07T19:34:22+00:00\",\"author\":{\"@id\":\"https:\\\/\\\/funerariaconceptochile.cl\\\/#\\\/schema\\\/person\\\/778cdec708f417d049efb7a785538d7f\"},\"breadcrumb\":{\"@id\":\"https:\\\/\\\/funerariaconceptochile.cl\\\/obituarios\\\/elsa-nelly-baeza-hermosilla\\\/#breadcrumb\"},\"inLanguage\":\"es\",\"potentialAction\":[{\"@type\":\"ReadAction\",\"target\":[\"https:\\\/\\\/funerariaconceptochile.cl\\\/obituarios\\\/elsa-nelly-baeza-hermosilla\\\/\"]}]},{\"@type\":\"ImageObject\",\"inLanguage\":\"es\",\"@id\":\"https:\\\/\\\/funerariaconceptochile.cl\\\/obituarios\\\/elsa-nelly-baeza-hermosilla\\\/#primaryimage\",\"url\":\"https:\\\/\\\/funerariaconceptochile.cl\\\/wp-content\\\/uploads\\\/2025\\\/06\\\/funerariaconcepto_elsabaezahermosilla-copia.jpeg\",\"contentUrl\":\"https:\\\/\\\/funerariaconceptochile.cl\\\/wp-content\\\/uploads\\\/2025\\\/06\\\/funerariaconcepto_elsabaezahermosilla-copia.jpeg\",\"width\":200,\"height\":300},{\"@type\":\"BreadcrumbList\",\"@id\":\"https:\\\/\\\/funerariaconceptochile.cl\\\/obituarios\\\/elsa-nelly-baeza-hermosilla\\\/#breadcrumb\",\"itemListElement\":[{\"@type\":\"ListItem\",\"position\":1,\"name\":\"Portada\",\"item\":\"https:\\\/\\\/funerariaconceptochile.cl\\\/\"},{\"@type\":\"ListItem\",\"position\":2,\"name\":\"Elsa Nelly Baeza Hermosilla\"}]},{\"@type\":\"WebSite\",\"@id\":\"https:\\\/\\\/funerariaconceptochile.cl\\\/#website\",\"url\":\"https:\\\/\\\/funerariaconceptochile.cl\\\/\",\"name\":\"Funeraria Concepto\",\"description\":\"\",\"potentialAction\":[{\"@type\":\"SearchAction\",\"target\":{\"@type\":\"EntryPoint\",\"urlTemplate\":\"https:\\\/\\\/funerariaconceptochile.cl\\\/?s={search_term_string}\"},\"query-input\":{\"@type\":\"PropertyValueSpecification\",\"valueRequired\":true,\"valueName\":\"search_term_string\"}}],\"inLanguage\":\"es\"},{\"@type\":\"Person\",\"@id\":\"https:\\\/\\\/funerariaconceptochile.cl\\\/#\\\/schema\\\/person\\\/778cdec708f417d049efb7a785538d7f\",\"name\":\"Obiturarios Concepto\",\"url\":\"https:\\\/\\\/funerariaconceptochile.cl\\\/es\\\/obituarios\\\/author\\\/obituarios\\\/\"}]}<\/script>\n<!-- \/ Yoast SEO plugin. -->","yoast_head_json":{"title":"Elsa Nelly Baeza Hermosilla - Funeraria Concepto","robots":{"index":"index","follow":"follow","max-snippet":"max-snippet:-1","max-image-preview":"max-image-preview:large","max-video-preview":"max-video-preview:-1"},"canonical":"https:\/\/funerariaconceptochile.cl\/es\/obituarios\/elsa-nelly-baeza-hermosilla\/","og_locale":"es_ES","og_type":"article","og_title":"Elsa Nelly Baeza Hermosilla - Funeraria Concepto","og_description":"20\/06\/1947 \u2013 07\/06\/2025 Confiamos que el recuerdo de un ser querido se mantendr\u00e1 siempre presente en sus corazones. En Funeraria","og_url":"https:\/\/funerariaconceptochile.cl\/es\/obituarios\/elsa-nelly-baeza-hermosilla\/","og_site_name":"Funeraria Concepto","article_published_time":"2025-06-07T19:34:22+00:00","og_image":[{"width":200,"height":300,"url":"https:\/\/funerariaconceptochile.cl\/wp-content\/uploads\/2025\/06\/funerariaconcepto_elsabaezahermosilla-copia.jpeg","type":"image\/jpeg"}],"author":"Obiturarios Concepto","twitter_card":"summary_large_image","twitter_misc":{"Escrito por":false,"Tiempo de lectura":"1 minuto"},"schema":{"@context":"https:\/\/schema.org","@graph":[{"@type":"Article","@id":"https:\/\/funerariaconceptochile.cl\/obituarios\/elsa-nelly-baeza-hermosilla\/#article","isPartOf":{"@id":"https:\/\/funerariaconceptochile.cl\/obituarios\/elsa-nelly-baeza-hermosilla\/"},"author":{"name":"Obiturarios Concepto","@id":"https:\/\/funerariaconceptochile.cl\/#\/schema\/person\/778cdec708f417d049efb7a785538d7f"},"headline":"Elsa Nelly Baeza Hermosilla","datePublished":"2025-06-07T19:34:22+00:00","mainEntityOfPage":{"@id":"https:\/\/funerariaconceptochile.cl\/obituarios\/elsa-nelly-baeza-hermosilla\/"},"wordCount":121,"commentCount":0,"image":{"@id":"https:\/\/funerariaconceptochile.cl\/obituarios\/elsa-nelly-baeza-hermosilla\/#primaryimage"},"thumbnailUrl":"https:\/\/funerariaconceptochile.cl\/wp-content\/uploads\/2025\/06\/funerariaconcepto_elsabaezahermosilla-copia.jpeg","articleSection":["Obituario"],"inLanguage":"es","potentialAction":[{"@type":"CommentAction","name":"Comment","target":["https:\/\/funerariaconceptochile.cl\/obituarios\/elsa-nelly-baeza-hermosilla\/#respond"]}]},{"@type":"WebPage","@id":"https:\/\/funerariaconceptochile.cl\/obituarios\/elsa-nelly-baeza-hermosilla\/","url":"https:\/\/funerariaconceptochile.cl\/obituarios\/elsa-nelly-baeza-hermosilla\/","name":"Elsa Nelly Baeza Hermosilla - Funeraria Concepto","isPartOf":{"@id":"https:\/\/funerariaconceptochile.cl\/#website"},"primaryImageOfPage":{"@id":"https:\/\/funerariaconceptochile.cl\/obituarios\/elsa-nelly-baeza-hermosilla\/#primaryimage"},"image":{"@id":"https:\/\/funerariaconceptochile.cl\/obituarios\/elsa-nelly-baeza-hermosilla\/#primaryimage"},"thumbnailUrl":"https:\/\/funerariaconceptochile.cl\/wp-content\/uploads\/2025\/06\/funerariaconcepto_elsabaezahermosilla-copia.jpeg","datePublished":"2025-06-07T19:34:22+00:00","author":{"@id":"https:\/\/funerariaconceptochile.cl\/#\/schema\/person\/778cdec708f417d049efb7a785538d7f"},"breadcrumb":{"@id":"https:\/\/funerariaconceptochile.cl\/obituarios\/elsa-nelly-baeza-hermosilla\/#breadcrumb"},"inLanguage":"es","potentialAction":[{"@type":"ReadAction","target":["https:\/\/funerariaconceptochile.cl\/obituarios\/elsa-nelly-baeza-hermosilla\/"]}]},{"@type":"ImageObject","inLanguage":"es","@id":"https:\/\/funerariaconceptochile.cl\/obituarios\/elsa-nelly-baeza-hermosilla\/#primaryimage","url":"https:\/\/funerariaconceptochile.cl\/wp-content\/uploads\/2025\/06\/funerariaconcepto_elsabaezahermosilla-copia.jpeg","contentUrl":"https:\/\/funerariaconceptochile.cl\/wp-content\/uploads\/2025\/06\/funerariaconcepto_elsabaezahermosilla-copia.jpeg","width":200,"height":300},{"@type":"BreadcrumbList","@id":"https:\/\/funerariaconceptochile.cl\/obituarios\/elsa-nelly-baeza-hermosilla\/#breadcrumb","itemListElement":[{"@type":"ListItem","position":1,"name":"Portada","item":"https:\/\/funerariaconceptochile.cl\/"},{"@type":"ListItem","position":2,"name":"Elsa Nelly Baeza Hermosilla"}]},{"@type":"WebSite","@id":"https:\/\/funerariaconceptochile.cl\/#website","url":"https:\/\/funerariaconceptochile.cl\/","name":"Funeraria Concepto","description":"","potentialAction":[{"@type":"SearchAction","target":{"@type":"EntryPoint","urlTemplate":"https:\/\/funerariaconceptochile.cl\/?s={search_term_string}"},"query-input":{"@type":"PropertyValueSpecification","valueRequired":true,"valueName":"search_term_string"}}],"inLanguage":"es"},{"@type":"Person","@id":"https:\/\/funerariaconceptochile.cl\/#\/schema\/person\/778cdec708f417d049efb7a785538d7f","name":"Obiturarios Concepto","url":"https:\/\/funerariaconceptochile.cl\/es\/obituarios\/author\/obituarios\/"}]}},"_links":{"self":[{"href":"https:\/\/funerariaconceptochile.cl\/es\/wp-json\/wp\/v2\/posts\/10539","targetHints":{"allow":["GET"]}}],"collection":[{"href":"https:\/\/funerariaconceptochile.cl\/es\/wp-json\/wp\/v2\/posts"}],"about":[{"href":"https:\/\/funerariaconceptochile.cl\/es\/wp-json\/wp\/v2\/types\/post"}],"author":[{"embeddable":true,"href":"https:\/\/funerariaconceptochile.cl\/es\/wp-json\/wp\/v2\/users\/5"}],"replies":[{"embeddable":true,"href":"https:\/\/funerariaconceptochile.cl\/es\/wp-json\/wp\/v2\/comments?post=10539"}],"version-history":[{"count":1,"href":"https:\/\/funerariaconceptochile.cl\/es\/wp-json\/wp\/v2\/posts\/10539\/revisions"}],"predecessor-version":[{"id":10542,"href":"https:\/\/funerariaconceptochile.cl\/es\/wp-json\/wp\/v2\/posts\/10539\/revisions\/10542"}],"wp:featuredmedia":[{"embeddable":true,"href":"https:\/\/funerariaconceptochile.cl\/es\/wp-json\/wp\/v2\/media\/10540"}],"wp:attachment":[{"href":"https:\/\/funerariaconceptochile.cl\/es\/wp-json\/wp\/v2\/media?parent=10539"}],"wp:term":[{"taxonomy":"category","embeddable":true,"href":"https:\/\/funerariaconceptochile.cl\/es\/wp-json\/wp\/v2\/categories?post=10539"},{"taxonomy":"post_tag","embeddable":true,"href":"https:\/\/funerariaconceptochile.cl\/es\/wp-json\/wp\/v2\/tags?post=10539"}],"curies":[{"name":"wp","href":"https:\/\/api.w.org\/{rel}","templated":true}]}}