{"id":10434,"date":"2025-05-06T13:28:09","date_gmt":"2025-05-06T17:28:09","guid":{"rendered":"https:\/\/funerariaconceptochile.cl\/?p=10434"},"modified":"2025-05-06T15:31:17","modified_gmt":"2025-05-06T19:31:17","slug":"rene-del-carmen-leiva-rodriguez","status":"publish","type":"post","link":"https:\/\/funerariaconceptochile.cl\/es\/obituarios\/rene-del-carmen-leiva-rodriguez\/","title":{"rendered":"Ren\u00e9 del Carmen Leiva Rodr\u00edguez"},"content":{"rendered":"<p><img loading=\"lazy\" decoding=\"async\" class=\"size-full wp-image-10435 aligncenter\" src=\"https:\/\/funerariaconceptochile.cl\/wp-content\/uploads\/2025\/05\/funeraria-concepto_reneleiva.jpg\" alt=\"\" width=\"200\" height=\"300\" srcset=\"https:\/\/funerariaconceptochile.cl\/wp-content\/uploads\/2025\/05\/funeraria-concepto_reneleiva.jpg 200w, https:\/\/funerariaconceptochile.cl\/wp-content\/uploads\/2025\/05\/funeraria-concepto_reneleiva-150x225.jpg 150w\" sizes=\"auto, (max-width: 200px) 100vw, 200px\" \/><\/p>\n<p style=\"text-align: center\"><strong>09\/09\/1931 \u2013 05\/05\/2025<\/strong><\/p>\n<p style=\"text-align: center\">Confiamos que el recuerdo de un ser querido se mantendr\u00e1 siempre presente en sus corazones. En Funeraria concepto, tenemos el prop\u00f3sito de acompa\u00f1arlos en el homenaje para dignificar la vida en un momento que trasciende, para esto los invitamos a expresar sus condolencias.<\/p>\n<p style=\"text-align: center\"><strong>Tarjeta de servicio<\/strong><\/p>\n<p style=\"text-align: center\"><strong>Lugar o sala velatorio:<\/strong>\u00a0Domicilio particular<\/p>\n<p style=\"text-align: center\"><strong>Direcci\u00f3n:<\/strong> Sector Los Cristales, Camino ancali S\/N, Los \u00c1ngeles<\/p>\n<p style=\"text-align: center\"><strong>Lugar Responso:<\/strong>\u00a0 Iglesia de san Carlos de Puren<\/p>\n<p style=\"text-align: center\"><strong>Fecha y hora de inicio:<\/strong> 06 de mayo 2025; 10:00 hrs<\/p>\n<p style=\"text-align: center\"><strong>Direcci\u00f3n:<\/strong> San Carlos de Puren<\/p>\n<p style=\"text-align: center\"><strong>Lugar Funeral:<\/strong> Cementerio San Carlos, Los \u00c1ngeles<\/p>\n<p style=\"text-align: center\"><strong>Fecha y hora funeral:<\/strong> 06 de mayo 2025; hora Por confirmar<\/p>\n<p style=\"text-align: center\"><strong>Direcci\u00f3n Funeral: <\/strong>San Carlos S\/N, Los \u00c1ngeles<\/p>","protected":false},"excerpt":{"rendered":"<p>09\/09\/1931 \u2013 05\/05\/2025 Confiamos que el recuerdo de un ser querido se mantendr\u00e1 siempre presente en sus corazones. En Funeraria<\/p>","protected":false},"author":5,"featured_media":10435,"comment_status":"open","ping_status":"open","sticky":false,"template":"","format":"standard","meta":{"footnotes":""},"categories":[1],"tags":[],"class_list":["post-10434","post","type-post","status-publish","format-standard","has-post-thumbnail","hentry","category-o"],"yoast_head":"<!-- This site is optimized with the Yoast SEO plugin v27.5 - https:\/\/yoast.com\/product\/yoast-seo-wordpress\/ -->\n<title>Ren\u00e9 del Carmen Leiva Rodr\u00edguez - Funeraria Concepto<\/title>\n<meta name=\"robots\" content=\"index, follow, max-snippet:-1, max-image-preview:large, max-video-preview:-1\" \/>\n<link rel=\"canonical\" href=\"https:\/\/funerariaconceptochile.cl\/es\/obituarios\/rene-del-carmen-leiva-rodriguez\/\" \/>\n<meta property=\"og:locale\" content=\"es_ES\" \/>\n<meta property=\"og:type\" content=\"article\" \/>\n<meta property=\"og:title\" content=\"Ren\u00e9 del Carmen Leiva Rodr\u00edguez - Funeraria Concepto\" \/>\n<meta property=\"og:description\" content=\"09\/09\/1931 \u2013 05\/05\/2025 Confiamos que el recuerdo de un ser querido se mantendr\u00e1 siempre presente en sus corazones. En Funeraria\" \/>\n<meta property=\"og:url\" content=\"https:\/\/funerariaconceptochile.cl\/es\/obituarios\/rene-del-carmen-leiva-rodriguez\/\" \/>\n<meta property=\"og:site_name\" content=\"Funeraria Concepto\" \/>\n<meta property=\"article:published_time\" content=\"2025-05-06T17:28:09+00:00\" \/>\n<meta property=\"article:modified_time\" content=\"2025-05-06T19:31:17+00:00\" \/>\n<meta property=\"og:image\" content=\"https:\/\/funerariaconceptochile.cl\/wp-content\/uploads\/2025\/05\/funeraria-concepto_reneleiva.jpg\" \/>\n\t<meta property=\"og:image:width\" content=\"200\" \/>\n\t<meta property=\"og:image:height\" content=\"300\" \/>\n\t<meta property=\"og:image:type\" content=\"image\/jpeg\" \/>\n<meta name=\"author\" content=\"Obiturarios Concepto\" \/>\n<meta name=\"twitter:card\" content=\"summary_large_image\" \/>\n<meta name=\"twitter:label1\" content=\"Escrito por\" \/>\n\t<meta name=\"twitter:data1\" content=\"\" \/>\n\t<meta name=\"twitter:label2\" content=\"Tiempo de lectura\" \/>\n\t<meta name=\"twitter:data2\" content=\"1 minuto\" \/>\n<script type=\"application\/ld+json\" class=\"yoast-schema-graph\">{\"@context\":\"https:\\\/\\\/schema.org\",\"@graph\":[{\"@type\":\"Article\",\"@id\":\"https:\\\/\\\/funerariaconceptochile.cl\\\/obituarios\\\/rene-del-carmen-leiva-rodriguez\\\/#article\",\"isPartOf\":{\"@id\":\"https:\\\/\\\/funerariaconceptochile.cl\\\/obituarios\\\/rene-del-carmen-leiva-rodriguez\\\/\"},\"author\":{\"name\":\"Obiturarios Concepto\",\"@id\":\"https:\\\/\\\/funerariaconceptochile.cl\\\/#\\\/schema\\\/person\\\/778cdec708f417d049efb7a785538d7f\"},\"headline\":\"Ren\u00e9 del Carmen Leiva Rodr\u00edguez\",\"datePublished\":\"2025-05-06T17:28:09+00:00\",\"dateModified\":\"2025-05-06T19:31:17+00:00\",\"mainEntityOfPage\":{\"@id\":\"https:\\\/\\\/funerariaconceptochile.cl\\\/obituarios\\\/rene-del-carmen-leiva-rodriguez\\\/\"},\"wordCount\":118,\"commentCount\":2,\"image\":{\"@id\":\"https:\\\/\\\/funerariaconceptochile.cl\\\/obituarios\\\/rene-del-carmen-leiva-rodriguez\\\/#primaryimage\"},\"thumbnailUrl\":\"https:\\\/\\\/funerariaconceptochile.cl\\\/wp-content\\\/uploads\\\/2025\\\/05\\\/funeraria-concepto_reneleiva.jpg\",\"articleSection\":[\"Obituario\"],\"inLanguage\":\"es\",\"potentialAction\":[{\"@type\":\"CommentAction\",\"name\":\"Comment\",\"target\":[\"https:\\\/\\\/funerariaconceptochile.cl\\\/obituarios\\\/rene-del-carmen-leiva-rodriguez\\\/#respond\"]}]},{\"@type\":\"WebPage\",\"@id\":\"https:\\\/\\\/funerariaconceptochile.cl\\\/obituarios\\\/rene-del-carmen-leiva-rodriguez\\\/\",\"url\":\"https:\\\/\\\/funerariaconceptochile.cl\\\/obituarios\\\/rene-del-carmen-leiva-rodriguez\\\/\",\"name\":\"Ren\u00e9 del Carmen Leiva Rodr\u00edguez - Funeraria Concepto\",\"isPartOf\":{\"@id\":\"https:\\\/\\\/funerariaconceptochile.cl\\\/#website\"},\"primaryImageOfPage\":{\"@id\":\"https:\\\/\\\/funerariaconceptochile.cl\\\/obituarios\\\/rene-del-carmen-leiva-rodriguez\\\/#primaryimage\"},\"image\":{\"@id\":\"https:\\\/\\\/funerariaconceptochile.cl\\\/obituarios\\\/rene-del-carmen-leiva-rodriguez\\\/#primaryimage\"},\"thumbnailUrl\":\"https:\\\/\\\/funerariaconceptochile.cl\\\/wp-content\\\/uploads\\\/2025\\\/05\\\/funeraria-concepto_reneleiva.jpg\",\"datePublished\":\"2025-05-06T17:28:09+00:00\",\"dateModified\":\"2025-05-06T19:31:17+00:00\",\"author\":{\"@id\":\"https:\\\/\\\/funerariaconceptochile.cl\\\/#\\\/schema\\\/person\\\/778cdec708f417d049efb7a785538d7f\"},\"breadcrumb\":{\"@id\":\"https:\\\/\\\/funerariaconceptochile.cl\\\/obituarios\\\/rene-del-carmen-leiva-rodriguez\\\/#breadcrumb\"},\"inLanguage\":\"es\",\"potentialAction\":[{\"@type\":\"ReadAction\",\"target\":[\"https:\\\/\\\/funerariaconceptochile.cl\\\/obituarios\\\/rene-del-carmen-leiva-rodriguez\\\/\"]}]},{\"@type\":\"ImageObject\",\"inLanguage\":\"es\",\"@id\":\"https:\\\/\\\/funerariaconceptochile.cl\\\/obituarios\\\/rene-del-carmen-leiva-rodriguez\\\/#primaryimage\",\"url\":\"https:\\\/\\\/funerariaconceptochile.cl\\\/wp-content\\\/uploads\\\/2025\\\/05\\\/funeraria-concepto_reneleiva.jpg\",\"contentUrl\":\"https:\\\/\\\/funerariaconceptochile.cl\\\/wp-content\\\/uploads\\\/2025\\\/05\\\/funeraria-concepto_reneleiva.jpg\",\"width\":200,\"height\":300},{\"@type\":\"BreadcrumbList\",\"@id\":\"https:\\\/\\\/funerariaconceptochile.cl\\\/obituarios\\\/rene-del-carmen-leiva-rodriguez\\\/#breadcrumb\",\"itemListElement\":[{\"@type\":\"ListItem\",\"position\":1,\"name\":\"Portada\",\"item\":\"https:\\\/\\\/funerariaconceptochile.cl\\\/\"},{\"@type\":\"ListItem\",\"position\":2,\"name\":\"Ren\u00e9 del Carmen Leiva Rodr\u00edguez\"}]},{\"@type\":\"WebSite\",\"@id\":\"https:\\\/\\\/funerariaconceptochile.cl\\\/#website\",\"url\":\"https:\\\/\\\/funerariaconceptochile.cl\\\/\",\"name\":\"Funeraria Concepto\",\"description\":\"\",\"potentialAction\":[{\"@type\":\"SearchAction\",\"target\":{\"@type\":\"EntryPoint\",\"urlTemplate\":\"https:\\\/\\\/funerariaconceptochile.cl\\\/?s={search_term_string}\"},\"query-input\":{\"@type\":\"PropertyValueSpecification\",\"valueRequired\":true,\"valueName\":\"search_term_string\"}}],\"inLanguage\":\"es\"},{\"@type\":\"Person\",\"@id\":\"https:\\\/\\\/funerariaconceptochile.cl\\\/#\\\/schema\\\/person\\\/778cdec708f417d049efb7a785538d7f\",\"name\":\"Obiturarios Concepto\",\"url\":\"https:\\\/\\\/funerariaconceptochile.cl\\\/es\\\/obituarios\\\/author\\\/obituarios\\\/\"}]}<\/script>\n<!-- \/ Yoast SEO plugin. -->","yoast_head_json":{"title":"Ren\u00e9 del Carmen Leiva Rodr\u00edguez - Funeraria Concepto","robots":{"index":"index","follow":"follow","max-snippet":"max-snippet:-1","max-image-preview":"max-image-preview:large","max-video-preview":"max-video-preview:-1"},"canonical":"https:\/\/funerariaconceptochile.cl\/es\/obituarios\/rene-del-carmen-leiva-rodriguez\/","og_locale":"es_ES","og_type":"article","og_title":"Ren\u00e9 del Carmen Leiva Rodr\u00edguez - Funeraria Concepto","og_description":"09\/09\/1931 \u2013 05\/05\/2025 Confiamos que el recuerdo de un ser querido se mantendr\u00e1 siempre presente en sus corazones. En Funeraria","og_url":"https:\/\/funerariaconceptochile.cl\/es\/obituarios\/rene-del-carmen-leiva-rodriguez\/","og_site_name":"Funeraria Concepto","article_published_time":"2025-05-06T17:28:09+00:00","article_modified_time":"2025-05-06T19:31:17+00:00","og_image":[{"width":200,"height":300,"url":"https:\/\/funerariaconceptochile.cl\/wp-content\/uploads\/2025\/05\/funeraria-concepto_reneleiva.jpg","type":"image\/jpeg"}],"author":"Obiturarios Concepto","twitter_card":"summary_large_image","twitter_misc":{"Escrito por":false,"Tiempo de lectura":"1 minuto"},"schema":{"@context":"https:\/\/schema.org","@graph":[{"@type":"Article","@id":"https:\/\/funerariaconceptochile.cl\/obituarios\/rene-del-carmen-leiva-rodriguez\/#article","isPartOf":{"@id":"https:\/\/funerariaconceptochile.cl\/obituarios\/rene-del-carmen-leiva-rodriguez\/"},"author":{"name":"Obiturarios Concepto","@id":"https:\/\/funerariaconceptochile.cl\/#\/schema\/person\/778cdec708f417d049efb7a785538d7f"},"headline":"Ren\u00e9 del Carmen Leiva Rodr\u00edguez","datePublished":"2025-05-06T17:28:09+00:00","dateModified":"2025-05-06T19:31:17+00:00","mainEntityOfPage":{"@id":"https:\/\/funerariaconceptochile.cl\/obituarios\/rene-del-carmen-leiva-rodriguez\/"},"wordCount":118,"commentCount":2,"image":{"@id":"https:\/\/funerariaconceptochile.cl\/obituarios\/rene-del-carmen-leiva-rodriguez\/#primaryimage"},"thumbnailUrl":"https:\/\/funerariaconceptochile.cl\/wp-content\/uploads\/2025\/05\/funeraria-concepto_reneleiva.jpg","articleSection":["Obituario"],"inLanguage":"es","potentialAction":[{"@type":"CommentAction","name":"Comment","target":["https:\/\/funerariaconceptochile.cl\/obituarios\/rene-del-carmen-leiva-rodriguez\/#respond"]}]},{"@type":"WebPage","@id":"https:\/\/funerariaconceptochile.cl\/obituarios\/rene-del-carmen-leiva-rodriguez\/","url":"https:\/\/funerariaconceptochile.cl\/obituarios\/rene-del-carmen-leiva-rodriguez\/","name":"Ren\u00e9 del Carmen Leiva Rodr\u00edguez - Funeraria Concepto","isPartOf":{"@id":"https:\/\/funerariaconceptochile.cl\/#website"},"primaryImageOfPage":{"@id":"https:\/\/funerariaconceptochile.cl\/obituarios\/rene-del-carmen-leiva-rodriguez\/#primaryimage"},"image":{"@id":"https:\/\/funerariaconceptochile.cl\/obituarios\/rene-del-carmen-leiva-rodriguez\/#primaryimage"},"thumbnailUrl":"https:\/\/funerariaconceptochile.cl\/wp-content\/uploads\/2025\/05\/funeraria-concepto_reneleiva.jpg","datePublished":"2025-05-06T17:28:09+00:00","dateModified":"2025-05-06T19:31:17+00:00","author":{"@id":"https:\/\/funerariaconceptochile.cl\/#\/schema\/person\/778cdec708f417d049efb7a785538d7f"},"breadcrumb":{"@id":"https:\/\/funerariaconceptochile.cl\/obituarios\/rene-del-carmen-leiva-rodriguez\/#breadcrumb"},"inLanguage":"es","potentialAction":[{"@type":"ReadAction","target":["https:\/\/funerariaconceptochile.cl\/obituarios\/rene-del-carmen-leiva-rodriguez\/"]}]},{"@type":"ImageObject","inLanguage":"es","@id":"https:\/\/funerariaconceptochile.cl\/obituarios\/rene-del-carmen-leiva-rodriguez\/#primaryimage","url":"https:\/\/funerariaconceptochile.cl\/wp-content\/uploads\/2025\/05\/funeraria-concepto_reneleiva.jpg","contentUrl":"https:\/\/funerariaconceptochile.cl\/wp-content\/uploads\/2025\/05\/funeraria-concepto_reneleiva.jpg","width":200,"height":300},{"@type":"BreadcrumbList","@id":"https:\/\/funerariaconceptochile.cl\/obituarios\/rene-del-carmen-leiva-rodriguez\/#breadcrumb","itemListElement":[{"@type":"ListItem","position":1,"name":"Portada","item":"https:\/\/funerariaconceptochile.cl\/"},{"@type":"ListItem","position":2,"name":"Ren\u00e9 del Carmen Leiva Rodr\u00edguez"}]},{"@type":"WebSite","@id":"https:\/\/funerariaconceptochile.cl\/#website","url":"https:\/\/funerariaconceptochile.cl\/","name":"Funeraria Concepto","description":"","potentialAction":[{"@type":"SearchAction","target":{"@type":"EntryPoint","urlTemplate":"https:\/\/funerariaconceptochile.cl\/?s={search_term_string}"},"query-input":{"@type":"PropertyValueSpecification","valueRequired":true,"valueName":"search_term_string"}}],"inLanguage":"es"},{"@type":"Person","@id":"https:\/\/funerariaconceptochile.cl\/#\/schema\/person\/778cdec708f417d049efb7a785538d7f","name":"Obiturarios Concepto","url":"https:\/\/funerariaconceptochile.cl\/es\/obituarios\/author\/obituarios\/"}]}},"_links":{"self":[{"href":"https:\/\/funerariaconceptochile.cl\/es\/wp-json\/wp\/v2\/posts\/10434","targetHints":{"allow":["GET"]}}],"collection":[{"href":"https:\/\/funerariaconceptochile.cl\/es\/wp-json\/wp\/v2\/posts"}],"about":[{"href":"https:\/\/funerariaconceptochile.cl\/es\/wp-json\/wp\/v2\/types\/post"}],"author":[{"embeddable":true,"href":"https:\/\/funerariaconceptochile.cl\/es\/wp-json\/wp\/v2\/users\/5"}],"replies":[{"embeddable":true,"href":"https:\/\/funerariaconceptochile.cl\/es\/wp-json\/wp\/v2\/comments?post=10434"}],"version-history":[{"count":3,"href":"https:\/\/funerariaconceptochile.cl\/es\/wp-json\/wp\/v2\/posts\/10434\/revisions"}],"predecessor-version":[{"id":10439,"href":"https:\/\/funerariaconceptochile.cl\/es\/wp-json\/wp\/v2\/posts\/10434\/revisions\/10439"}],"wp:featuredmedia":[{"embeddable":true,"href":"https:\/\/funerariaconceptochile.cl\/es\/wp-json\/wp\/v2\/media\/10435"}],"wp:attachment":[{"href":"https:\/\/funerariaconceptochile.cl\/es\/wp-json\/wp\/v2\/media?parent=10434"}],"wp:term":[{"taxonomy":"category","embeddable":true,"href":"https:\/\/funerariaconceptochile.cl\/es\/wp-json\/wp\/v2\/categories?post=10434"},{"taxonomy":"post_tag","embeddable":true,"href":"https:\/\/funerariaconceptochile.cl\/es\/wp-json\/wp\/v2\/tags?post=10434"}],"curies":[{"name":"wp","href":"https:\/\/api.w.org\/{rel}","templated":true}]}}