{"id":11742,"date":"2026-04-14T16:28:43","date_gmt":"2026-04-14T20:28:43","guid":{"rendered":"https:\/\/funerariaconceptochile.cl\/?post_type=cbb_blog&#038;p=11742"},"modified":"2026-04-14T16:28:43","modified_gmt":"2026-04-14T20:28:43","slug":"cual-es-la-diferencia-entre-feretro-y-ataud","status":"publish","type":"cbb_blog","link":"https:\/\/funerariaconceptochile.cl\/es\/blog\/cual-es-la-diferencia-entre-feretro-y-ataud\/","title":{"rendered":"\u00bfCu\u00e1l es la diferencia entre f\u00e9retro y ata\u00fad?"},"excerpt":{"rendered":"","protected":false},"featured_media":11743,"template":"","categories":[90],"class_list":["post-11742","cbb_blog","type-cbb_blog","status-publish","has-post-thumbnail","hentry","category-socios"],"yoast_head":"<!-- This site is optimized with the Yoast SEO plugin v27.5 - https:\/\/yoast.com\/product\/yoast-seo-wordpress\/ -->\n<title>\u00bfCu\u00e1l es la diferencia entre f\u00e9retro y ata\u00fad? - Funeraria Concepto<\/title>\n<meta name=\"robots\" content=\"index, follow, max-snippet:-1, max-image-preview:large, max-video-preview:-1\" \/>\n<link rel=\"canonical\" href=\"https:\/\/funerariaconceptochile.cl\/es\/blog\/cual-es-la-diferencia-entre-feretro-y-ataud\/\" \/>\n<meta property=\"og:locale\" content=\"es_ES\" \/>\n<meta property=\"og:type\" content=\"article\" \/>\n<meta property=\"og:title\" content=\"\u00bfCu\u00e1l es la diferencia entre f\u00e9retro y ata\u00fad? - Funeraria Concepto\" \/>\n<meta property=\"og:url\" content=\"https:\/\/funerariaconceptochile.cl\/es\/blog\/cual-es-la-diferencia-entre-feretro-y-ataud\/\" \/>\n<meta property=\"og:site_name\" content=\"Funeraria Concepto\" \/>\n<meta property=\"og:image\" content=\"https:\/\/funerariaconceptochile.cl\/wp-content\/uploads\/2026\/04\/diferencia-entre-ataud-y-feretro-1067x800.png\" \/>\n\t<meta property=\"og:image:width\" content=\"1067\" \/>\n\t<meta property=\"og:image:height\" content=\"800\" \/>\n\t<meta property=\"og:image:type\" content=\"image\/png\" \/>\n<meta name=\"twitter:card\" content=\"summary_large_image\" \/>\n<meta name=\"twitter:label1\" content=\"Tiempo de lectura\" \/>\n\t<meta name=\"twitter:data1\" content=\"1 minuto\" \/>\n<script type=\"application\/ld+json\" class=\"yoast-schema-graph\">{\"@context\":\"https:\\\/\\\/schema.org\",\"@graph\":[{\"@type\":\"WebPage\",\"@id\":\"https:\\\/\\\/funerariaconceptochile.cl\\\/blog\\\/cual-es-la-diferencia-entre-feretro-y-ataud\\\/\",\"url\":\"https:\\\/\\\/funerariaconceptochile.cl\\\/blog\\\/cual-es-la-diferencia-entre-feretro-y-ataud\\\/\",\"name\":\"\u00bfCu\u00e1l es la diferencia entre f\u00e9retro y ata\u00fad? - Funeraria Concepto\",\"isPartOf\":{\"@id\":\"https:\\\/\\\/funerariaconceptochile.cl\\\/#website\"},\"primaryImageOfPage\":{\"@id\":\"https:\\\/\\\/funerariaconceptochile.cl\\\/blog\\\/cual-es-la-diferencia-entre-feretro-y-ataud\\\/#primaryimage\"},\"image\":{\"@id\":\"https:\\\/\\\/funerariaconceptochile.cl\\\/blog\\\/cual-es-la-diferencia-entre-feretro-y-ataud\\\/#primaryimage\"},\"thumbnailUrl\":\"https:\\\/\\\/funerariaconceptochile.cl\\\/wp-content\\\/uploads\\\/2026\\\/04\\\/diferencia-entre-ataud-y-feretro.png\",\"datePublished\":\"2026-04-14T20:28:43+00:00\",\"breadcrumb\":{\"@id\":\"https:\\\/\\\/funerariaconceptochile.cl\\\/blog\\\/cual-es-la-diferencia-entre-feretro-y-ataud\\\/#breadcrumb\"},\"inLanguage\":\"es\",\"potentialAction\":[{\"@type\":\"ReadAction\",\"target\":[\"https:\\\/\\\/funerariaconceptochile.cl\\\/blog\\\/cual-es-la-diferencia-entre-feretro-y-ataud\\\/\"]}]},{\"@type\":\"ImageObject\",\"inLanguage\":\"es\",\"@id\":\"https:\\\/\\\/funerariaconceptochile.cl\\\/blog\\\/cual-es-la-diferencia-entre-feretro-y-ataud\\\/#primaryimage\",\"url\":\"https:\\\/\\\/funerariaconceptochile.cl\\\/wp-content\\\/uploads\\\/2026\\\/04\\\/diferencia-entre-ataud-y-feretro.png\",\"contentUrl\":\"https:\\\/\\\/funerariaconceptochile.cl\\\/wp-content\\\/uploads\\\/2026\\\/04\\\/diferencia-entre-ataud-y-feretro.png\",\"width\":2048,\"height\":1536},{\"@type\":\"BreadcrumbList\",\"@id\":\"https:\\\/\\\/funerariaconceptochile.cl\\\/blog\\\/cual-es-la-diferencia-entre-feretro-y-ataud\\\/#breadcrumb\",\"itemListElement\":[{\"@type\":\"ListItem\",\"position\":1,\"name\":\"Portada\",\"item\":\"https:\\\/\\\/funerariaconceptochile.cl\\\/\"},{\"@type\":\"ListItem\",\"position\":2,\"name\":\"Blogs\",\"item\":\"https:\\\/\\\/funerariaconceptochile.cl\\\/blog\\\/\"},{\"@type\":\"ListItem\",\"position\":3,\"name\":\"\u00bfCu\u00e1l es la diferencia entre f\u00e9retro y ata\u00fad?\"}]},{\"@type\":\"WebSite\",\"@id\":\"https:\\\/\\\/funerariaconceptochile.cl\\\/#website\",\"url\":\"https:\\\/\\\/funerariaconceptochile.cl\\\/\",\"name\":\"Funeraria Concepto\",\"description\":\"\",\"potentialAction\":[{\"@type\":\"SearchAction\",\"target\":{\"@type\":\"EntryPoint\",\"urlTemplate\":\"https:\\\/\\\/funerariaconceptochile.cl\\\/?s={search_term_string}\"},\"query-input\":{\"@type\":\"PropertyValueSpecification\",\"valueRequired\":true,\"valueName\":\"search_term_string\"}}],\"inLanguage\":\"es\"}]}<\/script>\n<!-- \/ Yoast SEO plugin. -->","yoast_head_json":{"title":"\u00bfCu\u00e1l es la diferencia entre f\u00e9retro y ata\u00fad? - Funeraria Concepto","robots":{"index":"index","follow":"follow","max-snippet":"max-snippet:-1","max-image-preview":"max-image-preview:large","max-video-preview":"max-video-preview:-1"},"canonical":"https:\/\/funerariaconceptochile.cl\/es\/blog\/cual-es-la-diferencia-entre-feretro-y-ataud\/","og_locale":"es_ES","og_type":"article","og_title":"\u00bfCu\u00e1l es la diferencia entre f\u00e9retro y ata\u00fad? - Funeraria Concepto","og_url":"https:\/\/funerariaconceptochile.cl\/es\/blog\/cual-es-la-diferencia-entre-feretro-y-ataud\/","og_site_name":"Funeraria Concepto","og_image":[{"width":1067,"height":800,"url":"https:\/\/funerariaconceptochile.cl\/wp-content\/uploads\/2026\/04\/diferencia-entre-ataud-y-feretro-1067x800.png","type":"image\/png"}],"twitter_card":"summary_large_image","twitter_misc":{"Tiempo de lectura":"1 minuto"},"schema":{"@context":"https:\/\/schema.org","@graph":[{"@type":"WebPage","@id":"https:\/\/funerariaconceptochile.cl\/blog\/cual-es-la-diferencia-entre-feretro-y-ataud\/","url":"https:\/\/funerariaconceptochile.cl\/blog\/cual-es-la-diferencia-entre-feretro-y-ataud\/","name":"\u00bfCu\u00e1l es la diferencia entre f\u00e9retro y ata\u00fad? - Funeraria Concepto","isPartOf":{"@id":"https:\/\/funerariaconceptochile.cl\/#website"},"primaryImageOfPage":{"@id":"https:\/\/funerariaconceptochile.cl\/blog\/cual-es-la-diferencia-entre-feretro-y-ataud\/#primaryimage"},"image":{"@id":"https:\/\/funerariaconceptochile.cl\/blog\/cual-es-la-diferencia-entre-feretro-y-ataud\/#primaryimage"},"thumbnailUrl":"https:\/\/funerariaconceptochile.cl\/wp-content\/uploads\/2026\/04\/diferencia-entre-ataud-y-feretro.png","datePublished":"2026-04-14T20:28:43+00:00","breadcrumb":{"@id":"https:\/\/funerariaconceptochile.cl\/blog\/cual-es-la-diferencia-entre-feretro-y-ataud\/#breadcrumb"},"inLanguage":"es","potentialAction":[{"@type":"ReadAction","target":["https:\/\/funerariaconceptochile.cl\/blog\/cual-es-la-diferencia-entre-feretro-y-ataud\/"]}]},{"@type":"ImageObject","inLanguage":"es","@id":"https:\/\/funerariaconceptochile.cl\/blog\/cual-es-la-diferencia-entre-feretro-y-ataud\/#primaryimage","url":"https:\/\/funerariaconceptochile.cl\/wp-content\/uploads\/2026\/04\/diferencia-entre-ataud-y-feretro.png","contentUrl":"https:\/\/funerariaconceptochile.cl\/wp-content\/uploads\/2026\/04\/diferencia-entre-ataud-y-feretro.png","width":2048,"height":1536},{"@type":"BreadcrumbList","@id":"https:\/\/funerariaconceptochile.cl\/blog\/cual-es-la-diferencia-entre-feretro-y-ataud\/#breadcrumb","itemListElement":[{"@type":"ListItem","position":1,"name":"Portada","item":"https:\/\/funerariaconceptochile.cl\/"},{"@type":"ListItem","position":2,"name":"Blogs","item":"https:\/\/funerariaconceptochile.cl\/blog\/"},{"@type":"ListItem","position":3,"name":"\u00bfCu\u00e1l es la diferencia entre f\u00e9retro y ata\u00fad?"}]},{"@type":"WebSite","@id":"https:\/\/funerariaconceptochile.cl\/#website","url":"https:\/\/funerariaconceptochile.cl\/","name":"Funeraria Concepto","description":"","potentialAction":[{"@type":"SearchAction","target":{"@type":"EntryPoint","urlTemplate":"https:\/\/funerariaconceptochile.cl\/?s={search_term_string}"},"query-input":{"@type":"PropertyValueSpecification","valueRequired":true,"valueName":"search_term_string"}}],"inLanguage":"es"}]}},"_links":{"self":[{"href":"https:\/\/funerariaconceptochile.cl\/es\/wp-json\/wp\/v2\/cbb_blog\/11742","targetHints":{"allow":["GET"]}}],"collection":[{"href":"https:\/\/funerariaconceptochile.cl\/es\/wp-json\/wp\/v2\/cbb_blog"}],"about":[{"href":"https:\/\/funerariaconceptochile.cl\/es\/wp-json\/wp\/v2\/types\/cbb_blog"}],"wp:featuredmedia":[{"embeddable":true,"href":"https:\/\/funerariaconceptochile.cl\/es\/wp-json\/wp\/v2\/media\/11743"}],"wp:attachment":[{"href":"https:\/\/funerariaconceptochile.cl\/es\/wp-json\/wp\/v2\/media?parent=11742"}],"wp:term":[{"taxonomy":"category","embeddable":true,"href":"https:\/\/funerariaconceptochile.cl\/es\/wp-json\/wp\/v2\/categories?post=11742"}],"curies":[{"name":"wp","href":"https:\/\/api.w.org\/{rel}","templated":true}]}}